{"id":32299,"date":"2024-11-18T12:30:51","date_gmt":"2024-11-18T10:30:51","guid":{"rendered":"https:\/\/bisbalpenedes.com\/web\/?p=32299"},"modified":"2024-11-18T12:30:51","modified_gmt":"2024-11-18T10:30:51","slug":"comunicat-equip-de-govern-laplicacio-de-la-nova-taxa-de-residus-aprovada-en-el-darrer-ple-extraordinari-es-posposa-fins-al-2026","status":"publish","type":"post","link":"https:\/\/bisbalpenedes.com\/web\/2024\/11\/18\/comunicat-equip-de-govern-laplicacio-de-la-nova-taxa-de-residus-aprovada-en-el-darrer-ple-extraordinari-es-posposa-fins-al-2026\/","title":{"rendered":"COMUNICAT EQUIP DE GOVERN &#8211;\u00a0L\u2019aplicaci\u00f3 de la nova taxa de residus aprovada en el darrer Ple extraordinari es posposa fins al 2026"},"content":{"rendered":"\n<p>L\u2019alcaldessa de la Bisbal del Pened\u00e8s, Agn\u00e8s Ferr\u00e9; i el Regidor de Gesti\u00f3 de Residus, Daniel Caballero; mantenen converses peri\u00f2diques amb l\u2019empresa adjudicat\u00e0ria del servei de gesti\u00f3 i recollida de Residus a la Bisbal del Pened\u00e8s que prestar\u00e0 servei al municipi a partir de l\u20191 de gener de 2025.<\/p>\n\n\n\n<p>Tot i que l\u2019empresa comen\u00e7ar\u00e0 a gestionar el mes de gener vinent, el nou servei porta a porta a tot el municipi (a excepci\u00f3 del Papagai i la Pineda de Santa Cristina, on el gestionen altres ajuntaments) finalment no comen\u00e7ar\u00e0 fins passat l\u2019estiu. Durant el primer semestre de l\u2019any 2025 es tiraran endavant campanyes informatives i de conscienciaci\u00f3 sobre el reciclatge i el porta a porta.<\/p>\n\n\n\n<p>Per tot plegat, l\u2019equip de govern ha decidit no aplicar la nova taxa d\u2019escombraries aprovada en el Ple extraordinari del 7 de novembre de 2024 fins a l\u2019exercici 2026 i, per tant, la taxa del 2025 seguir\u00e0 sent la mateixa que s\u2019havia abonat fins ara.<\/p>\n\n\n\n<p>El 2026 s\u2019aplicar\u00e0 la nova taxa perqu\u00e8 ja estar\u00e0 en funcionament el nou sistema de recollida de residus porta a porta i, tal com ja es va comentar al Ple extraordinari, durant el 2025 s\u2019aprovaran bonificacions per bones pr\u00e0ctiques de reciclatge per aplicar-les el 2026. Anualment es revisar\u00e0 la taxa, ja que aquesta anir\u00e0 en funci\u00f3 dels costos de recollida, transport i eliminaci\u00f3 de residus perqu\u00e8, com dicta la Llei 7\/2022 de Residus i s\u00f2ls contaminats per una economia circular, la taxa ha de cobrir el cost total de la recollida, transport i tractament dels residus. Per tant, com millor reciclem i gestionem els residus entre tots, m\u00e9s baixa podr\u00e0 ser la taxa.<\/p>\n\n\n\n<p>La llei obliga a tenir la taxa aprovada abans del 2025, que \u00e9s el que vam fer al darrer Ple extraordinari. No obstant aix\u00f2, us informem que l\u2019aplicaci\u00f3 de la taxa es posposa fins al 2026.<\/p>\n\n\n\n<p class=\"has-text-align-right\">A la Bisbal del Pened\u00e8s, 18 de novembre de 2024<\/p>\n\n\n\n<hr class=\"wp-block-separator has-alpha-channel-opacity\"\/>\n\n\n\n<h2><strong>COMUNICADO DEL EQUIPO DE GOBIERNO &#8211; La aplicaci\u00f3n de la nueva tasa de residuos aprobada en el \u00faltimo Pleno extraordinario se pospone hasta el 2026<\/strong><\/h2>\n\n\n\n<p>La alcaldesa de La Bisbal del Pened\u00e8s, Agn\u00e8s Ferr\u00e9; y el Concejal de Gesti\u00f3n de Residuos, Daniel Caballero; mantienen conversaciones peri\u00f3dicas con la empresa adjudicataria del servicio de gesti\u00f3n y recogida de Residuos en La Bisbal del Pened\u00e8s que prestar\u00e1 servicio en el municipio a partir del 1 de enero de 2025.<\/p>\n\n\n\n<p>Aunque la empresa comenzar\u00e1 a gestionar el servicio el pr\u00f3ximo mes de enero, el nuevo servicio puerta a puerta en todo el municipio (a excepci\u00f3n de El Papagai y La Pineda de Santa Cristina, donde lo gestionan otros ayuntamientos) finalmente no empezar\u00e1 hasta pasado el verano. Durante el primer semestre del a\u00f1o 2025 se llevar\u00e1n a cabo campa\u00f1as informativas y de concienciaci\u00f3n sobre el reciclaje y el puerta a puerta.<\/p>\n\n\n\n<p>Por todo ello, el equipo de gobierno ha decidido no aplicar la nueva tasa de basuras aprobada en el Pleno extraordinario del 7 de noviembre de 2024 hasta el ejercicio 2026 y, por tanto, la tasa del 2025 seguir\u00e1 siendo la misma que se ven\u00eda abonando hasta ahora.<\/p>\n\n\n\n<p>En 2026 se aplicar\u00e1 la nueva tasa porque ya estar\u00e1 en funcionamiento el nuevo sistema de recogida de residuos puerta a puerta y, tal y como ya se coment\u00f3 en el Pleno extraordinario, durante el 2025 se aprobar\u00e1n bonificaciones por buenas pr\u00e1cticas de reciclaje para aplicarlas en el 2026. Anualmente se revisar\u00e1 la tasa, ya que esta ir\u00e1 en funci\u00f3n de los costes de recogida, transporte y eliminaci\u00f3n de residuos porque, como dicta la Ley 7\/2022 de Residuos y suelos contaminados para una econom\u00eda circular, la tasa debe cubrir el coste total de la recogida, transporte y tratamiento de los residuos. Por tanto, cuanto mejor reciclemos y gestionemos los residuos entre todos, m\u00e1s baja podr\u00e1 ser la tasa.<\/p>\n\n\n\n<p>La ley obliga a tener la tasa aprobada antes del 2025, que es lo que hicimos en el \u00faltimo Pleno extraordinario. No obstante, les informamos que la aplicaci\u00f3n de la tasa se pospone hasta 2026.<\/p>\n\n\n\n<p class=\"has-text-align-right\">En la Bisbal del Pened\u00e8s, 18 de noviembre de 2024<\/p>\n\n\n\n<p><\/p>\n","protected":false},"excerpt":{"rendered":"<p>L\u2019alcaldessa de la Bisbal del Pened\u00e8s, Agn\u00e8s Ferr\u00e9; i el Regidor de Gesti\u00f3 de Residus, Daniel Caballero; mantenen converses peri\u00f2diques amb l\u2019empresa adjudicat\u00e0ria del servei de gesti\u00f3 i recollida de &hellip; <a href=\"https:\/\/bisbalpenedes.com\/web\/2024\/11\/18\/comunicat-equip-de-govern-laplicacio-de-la-nova-taxa-de-residus-aprovada-en-el-darrer-ple-extraordinari-es-posposa-fins-al-2026\/\" class=\"more-link\">Read More<\/a><\/p>\n","protected":false},"author":4,"featured_media":32300,"comment_status":"closed","ping_status":"closed","sticky":false,"template":"","format":"standard","meta":[],"categories":[2377,3215,8],"tags":[6916,1091,1479,393,423],"_links":{"self":[{"href":"https:\/\/bisbalpenedes.com\/web\/wp-json\/wp\/v2\/posts\/32299"}],"collection":[{"href":"https:\/\/bisbalpenedes.com\/web\/wp-json\/wp\/v2\/posts"}],"about":[{"href":"https:\/\/bisbalpenedes.com\/web\/wp-json\/wp\/v2\/types\/post"}],"author":[{"embeddable":true,"href":"https:\/\/bisbalpenedes.com\/web\/wp-json\/wp\/v2\/users\/4"}],"replies":[{"embeddable":true,"href":"https:\/\/bisbalpenedes.com\/web\/wp-json\/wp\/v2\/comments?post=32299"}],"version-history":[{"count":1,"href":"https:\/\/bisbalpenedes.com\/web\/wp-json\/wp\/v2\/posts\/32299\/revisions"}],"predecessor-version":[{"id":32301,"href":"https:\/\/bisbalpenedes.com\/web\/wp-json\/wp\/v2\/posts\/32299\/revisions\/32301"}],"wp:featuredmedia":[{"embeddable":true,"href":"https:\/\/bisbalpenedes.com\/web\/wp-json\/wp\/v2\/media\/32300"}],"wp:attachment":[{"href":"https:\/\/bisbalpenedes.com\/web\/wp-json\/wp\/v2\/media?parent=32299"}],"wp:term":[{"taxonomy":"category","embeddable":true,"href":"https:\/\/bisbalpenedes.com\/web\/wp-json\/wp\/v2\/categories?post=32299"},{"taxonomy":"post_tag","embeddable":true,"href":"https:\/\/bisbalpenedes.com\/web\/wp-json\/wp\/v2\/tags?post=32299"}],"curies":[{"name":"wp","href":"https:\/\/api.w.org\/{rel}","templated":true}]}}