{"id":32293,"date":"2024-11-18T11:05:50","date_gmt":"2024-11-18T09:05:50","guid":{"rendered":"https:\/\/bisbalpenedes.com\/web\/?p=32293"},"modified":"2024-11-18T11:06:17","modified_gmt":"2024-11-18T09:06:17","slug":"comenca-la-renovacio-del-parc-de-gimnastica-del-raco-de-la-gent-gran","status":"publish","type":"post","link":"https:\/\/bisbalpenedes.com\/web\/2024\/11\/18\/comenca-la-renovacio-del-parc-de-gimnastica-del-raco-de-la-gent-gran\/","title":{"rendered":"<strong>Comen\u00e7a la renovaci\u00f3 del parc de gimn\u00e0stica del Rac\u00f3 de la Gent Gran<\/strong>"},"content":{"rendered":"\n<p>La Junta de Govern de l&#8217;11 de novembre va aprovar, a petici\u00f3 de la Regidoria de la Gent Gran, la contractaci\u00f3 de l&#8217;empresa Vecosa, per a l&#8217;adquisici\u00f3 i col\u00b7locaci\u00f3 de nous aparells per a la gimn\u00e0stica de la gent gran, per un import de 8.228\u20ac (IVA incl\u00f2s). Aquest dilluns 18 de novembre han comen\u00e7at els treballs de retirada dels elements antics i de part de la tanca, per col\u00b7locar el nou tancat.<\/p>\n\n\n\n<p>El contracte inclou la retirada dels actuals aparells del parc i el tancament de l&#8217;acc\u00e9s, de manera que nom\u00e9s s&#8217;hi pugui entrar a trav\u00e9s del Rac\u00f3 de la Gent Gran. La renovaci\u00f3 consisteix en la col\u00b7locaci\u00f3 de nous aparells com ara una bicicleta est\u00e0tica, un aparell de rem i un per fer gir de cintura, un caminador el\u00b7l\u00edptic i una roda de bra\u00e7os. Aquesta contractaci\u00f3 \u00e9s fruit de la modificaci\u00f3 de cr\u00e8dit aprovada al mes d&#8217;agost, on es va destinar una partida per canviar els aparells de gimn\u00e0stica del Rac\u00f3 de la Gent Gran.<\/p>\n\n\n\n<p>El parc de salut de la gent gran est\u00e0 situat al davant del Rac\u00f3 de la Gent Gran des del 2015. Aquest parc es va instal\u00b7lar gr\u00e0cies a la col\u00b7laboraci\u00f3 de la Diputaci\u00f3 de Tarragona i compta amb aparells destinats a persones amb mobilitat redu\u00efda o amb dificultats. No obstant aix\u00f2, en l&#8217;actualitat es fan moltes activitats al Rac\u00f3 de la Gent Gran, entre les quals hi ha la gimn\u00e0stica, i l&#8217;Ajuntament de la Bisbal del Pened\u00e8s ha detectat que manquen aparells m\u00e9s adequats tenint en compte les caracter\u00edstiques de les persones grans del municipi que participen en les activitats. Per aix\u00f2, amb l&#8217;objectiu de millorar la qualitat de vida de la nostra gent gran, la Regidoria de la Gent Gran a decidit tirar endavant aquesta inversi\u00f3.<\/p>\n\n\n\n<hr class=\"wp-block-separator has-alpha-channel-opacity\"\/>\n\n\n\n<h2><strong>E<\/strong>mpieza la renovaci\u00f3n del parque de gimnasia del Rac\u00f3 de la Gent Gran<\/h2>\n\n\n\n<p>La Junta de Gobierno del 11 de noviembre aprob\u00f3, a petici\u00f3n de la Regidoria de la Gent Gran, la contrataci\u00f3n de la empresa Vecosa, para la adquisici\u00f3n y colocaci\u00f3n de nuevos aparatos para la gimnasia de las personas mayores, por un importe de 8.228\u20ac (IVA incluido). Este lunes 18 de noviembre han empezado los trabajos de retirada de los elementos antiguos y de parte de la valla, para colocar el nuevo cercado.<\/p>\n\n\n\n<p>El contrato incluye la retirada de los actuales aparatos del parque y el cierre del acceso, de manera que solo se pueda entrar a trav\u00e9s del Rac\u00f3 de la Gent Gran. La renovaci\u00f3n consistir\u00e1 en la colocaci\u00f3n de nuevos aparatos como una bicicleta est\u00e1tica, un aparato de remo y uno para hacer giros de cintura, un caminador el\u00edptico y una rueda de brazos. Esta contrataci\u00f3n es fruto de la modificaci\u00f3n de cr\u00e9dito aprobada en el mes de agosto, donde se destin\u00f3 una partida para cambiar los aparatos de gimnasia del Rac\u00f3 de la Gent Gran.<\/p>\n\n\n\n<p>El parque de salud de las personas mayores est\u00e1 situado frente al Rac\u00f3 de la Gent Gran desde 2015. Este parque se instal\u00f3 gracias a la colaboraci\u00f3n de la Diputaci\u00f3 de Tarragona y cuenta con aparatos destinados a personas con movilidad reducida o con dificultades. Sin embargo, en la actualidad se realizan muchas actividades en el Rac\u00f3 de la Gent Gran, entre ellas la gimnasia, y el Ayuntamiento de La Bisbal del Pened\u00e8s ha detectado que faltan aparatos m\u00e1s adecuados teniendo en cuenta las caracter\u00edsticas de las personas mayores del municipio que participan en las actividades. Por eso, con el objetivo de mejorar la calidad de vida de nuestras personas mayores, la Regidoria de la Gent Gran ha decidido llevar a cabo esta inversi\u00f3n.<\/p>\n","protected":false},"excerpt":{"rendered":"<p>La Junta de Govern de l&#8217;11 de novembre va aprovar, a petici\u00f3 de la Regidoria de la Gent Gran, la contractaci\u00f3 de l&#8217;empresa Vecosa, per a l&#8217;adquisici\u00f3 i col\u00b7locaci\u00f3 de &hellip; <a href=\"https:\/\/bisbalpenedes.com\/web\/2024\/11\/18\/comenca-la-renovacio-del-parc-de-gimnastica-del-raco-de-la-gent-gran\/\" class=\"more-link\">Read More<\/a><\/p>\n","protected":false},"author":4,"featured_media":32295,"comment_status":"closed","ping_status":"closed","sticky":false,"template":"","format":"standard","meta":[],"categories":[8],"tags":[],"_links":{"self":[{"href":"https:\/\/bisbalpenedes.com\/web\/wp-json\/wp\/v2\/posts\/32293"}],"collection":[{"href":"https:\/\/bisbalpenedes.com\/web\/wp-json\/wp\/v2\/posts"}],"about":[{"href":"https:\/\/bisbalpenedes.com\/web\/wp-json\/wp\/v2\/types\/post"}],"author":[{"embeddable":true,"href":"https:\/\/bisbalpenedes.com\/web\/wp-json\/wp\/v2\/users\/4"}],"replies":[{"embeddable":true,"href":"https:\/\/bisbalpenedes.com\/web\/wp-json\/wp\/v2\/comments?post=32293"}],"version-history":[{"count":2,"href":"https:\/\/bisbalpenedes.com\/web\/wp-json\/wp\/v2\/posts\/32293\/revisions"}],"predecessor-version":[{"id":32297,"href":"https:\/\/bisbalpenedes.com\/web\/wp-json\/wp\/v2\/posts\/32293\/revisions\/32297"}],"wp:featuredmedia":[{"embeddable":true,"href":"https:\/\/bisbalpenedes.com\/web\/wp-json\/wp\/v2\/media\/32295"}],"wp:attachment":[{"href":"https:\/\/bisbalpenedes.com\/web\/wp-json\/wp\/v2\/media?parent=32293"}],"wp:term":[{"taxonomy":"category","embeddable":true,"href":"https:\/\/bisbalpenedes.com\/web\/wp-json\/wp\/v2\/categories?post=32293"},{"taxonomy":"post_tag","embeddable":true,"href":"https:\/\/bisbalpenedes.com\/web\/wp-json\/wp\/v2\/tags?post=32293"}],"curies":[{"name":"wp","href":"https:\/\/api.w.org\/{rel}","templated":true}]}}