{"id":32283,"date":"2024-11-14T19:13:08","date_gmt":"2024-11-14T17:13:08","guid":{"rendered":"https:\/\/bisbalpenedes.com\/web\/?p=32283"},"modified":"2024-11-14T19:14:04","modified_gmt":"2024-11-14T17:14:04","slug":"el-diumenge-24-de-novembre-a-les-18h-podreu-veure-la-pellicula-casa-en-flames-al-cmc-en-el-marc-del-cicle-gaudi-de-cinema-catala","status":"publish","type":"post","link":"https:\/\/bisbalpenedes.com\/web\/2024\/11\/14\/el-diumenge-24-de-novembre-a-les-18h-podreu-veure-la-pellicula-casa-en-flames-al-cmc-en-el-marc-del-cicle-gaudi-de-cinema-catala\/","title":{"rendered":"<strong>El diumenge 24 de novembre a les 18h podreu veure la pel\u00b7l\u00edcula \u201cCasa en Flames\u201d al CMC en el marc del Cicle Gaud\u00ed de Cinema Catal\u00e0<\/strong>"},"content":{"rendered":"\n<p>El diumenge 24 de novembre, a les 18h, l\u2019Auditori Salb\u00e0 del CMC acollir\u00e0 la projecci\u00f3 del film \u201cCasa en Flames\u201d del Cicle Gaud\u00ed, dirigida per Dani de la Orden.<\/p>\n\n\n\n<p><strong>SINOPSI<\/strong><\/p>\n\n\n\n<p>La Montse est\u00e0 molt emocionada perqu\u00e8 passar\u00e0 un cap de setmana amb tota la seva fam\u00edlia a la seva casa de Cadaqu\u00e9s, a la Costa Brava.<\/p>\n\n\n\n<p>Fa temps que est\u00e0 divorciada, el seu ex t\u00e9 una nova parella, els seus fills han crescut i ja fa temps que cadasc\u00fa fa la seva vida sense fer-li cas a l&#8217;altre, per\u00f2 a la Montse res ni ning\u00fa aconseguir\u00e0 fotre-li enlaire els \u00e0nims. Fa massa temps que espera aquest moment, fa massa temps que somia amb ell: aquest cap de setmana ser\u00e0 s\u00ed o s\u00ed un cap de setmana ideal, encara que per aix\u00f2 ho hagi de cremar tot.<\/p>\n\n\n\n<p><strong>FITXA T\u00c8CNICA<\/strong><\/p>\n\n\n\n<p><span style=\"text-decoration: underline;\">Direcci\u00f3<\/span>:\u00a0Dani de la Orden<\/p>\n\n\n\n<p><span style=\"text-decoration: underline;\">Gui\u00f3<\/span>:\u00a0Eduard Sola<\/p>\n\n\n\n<p><span style=\"text-decoration: underline;\">Productora:<\/span>\u00a0Atresmedia Cine, S\u00e1bado Pel\u00edculas, Playtime Movies, Playtimes\u00e1bado, A.I.E. i Eliofilm (Italia).<\/p>\n\n\n\n<p><span style=\"text-decoration: underline;\">Estrena<\/span>:\u00a028 de juny de 2024<\/p>\n\n\n\n<p><span style=\"text-decoration: underline;\">Durada<\/span>:\u00a0102 min.<\/p>\n\n\n\n<p><span style=\"text-decoration: underline;\">G\u00e8nere:<\/span>\u00a0Com\u00e8dia<\/p>\n\n\n\n<p><span style=\"text-decoration: underline;\">Qualificaci\u00f3<\/span>:\u00a0No recomanada per a menors de 16 anys<\/p>\n\n\n\n<p><span style=\"text-decoration: underline;\">Versi\u00f3<\/span>:\u00a0Original en catal\u00e0<\/p>\n\n\n\n<p><span style=\"text-decoration: underline;\">Int\u00e8rprets:<\/span><br>Alberto San Juan, Clara Segura, Emma Vilarasau, Enric Auquer, Jos\u00e9 P\u00e9rez Oca\u00f1a, Macarena Garc\u00eda, Mar\u00eda Rodr\u00edguez.<br><br>Com \u00e9s habitual, el preu de l\u2019entrada ser\u00e0 de 4,5\u20ac (general) i 3\u20ac per als espectadors que presentin el carnet de la Biblioteca p\u00fablica de la Bisbal del Pened\u00e8s. Els beneficis es destinaran a l\u2019entitat que gestioni la taquilla abans de la projecci\u00f3, en aquest cas la Colla Castellera de la Bisbal del Pened\u00e8s &#8211; Bous.<\/p>\n\n\n\n<figure class=\"wp-block-embed is-type-video is-provider-youtube wp-block-embed-youtube wp-embed-aspect-16-9 wp-has-aspect-ratio\"><div class=\"wp-block-embed__wrapper\">\n<iframe loading=\"lazy\" title=\"Cicle Gaud\u00ed: &quot;Casa en flames&quot;\" width=\"1170\" height=\"658\" src=\"https:\/\/www.youtube.com\/embed\/RQfnoonp61o?feature=oembed\" frameborder=\"0\" allow=\"accelerometer; autoplay; clipboard-write; encrypted-media; gyroscope; picture-in-picture; web-share\" referrerpolicy=\"strict-origin-when-cross-origin\" allowfullscreen><\/iframe>\n<\/div><\/figure>\n\n\n\n<p><strong>CASTELLANO |<\/strong>&nbsp;<strong>El domingo 24 de noviembre a las 18h podr\u00e9is ver la pel\u00edcula nominada \u201cP\u00e1jaros\u201d en el CMC en el marco del Cicle Gaud\u00ed de cinema catal\u00e0.<\/strong><\/p>\n\n\n\n<p>El domingo 24 de novembre, a las 18h, el Auditorio Salb\u00e0 del CMC acoger\u00e1 la proyecci\u00f3n de la pel\u00edcula \u201cCasa en Flames\u201d del Cicle Gaud\u00ed, dirigida por Dani de la Orden.<\/p>\n\n\n\n<p><strong>SINOPSIS<\/strong><\/p>\n\n\n\n<p>Montse est\u00e1 muy emocionada porque pasar\u00e1 un fin de semana con toda su familia en su casa de Cadaqu\u00e9s, en la Costa Brava.<\/p>\n\n\n\n<p>Hace tiempo que est\u00e1 divorciada, su ex tiene una nueva pareja, sus hijos han crecido y ya hace tiempo que cada uno hace su vida sin hacerse ni caso, pero a Montse nada ni nadie le conseguir\u00e1 quitar los \u00e1nimos. Hace demasiado tiempo que espera este momento, hace demasiado tiempo que sue\u00f1a con \u00e9l: este fin de semana ser\u00e1 s\u00ed o s\u00ed un fin de semana ideal, aunque para ello tenga que quemarlo todo.<\/p>\n\n\n\n<p><strong>FICHA T\u00c9CNICA<\/strong><\/p>\n\n\n\n<p><span style=\"text-decoration: underline;\">Direcci\u00f3n<\/span>: Dani de la Orden<\/p>\n\n\n\n<p><span style=\"text-decoration: underline;\">Guion<\/span>: Eduard Sola<\/p>\n\n\n\n<p><span style=\"text-decoration: underline;\">Productora:<\/span> Atresmedia Cine, S\u00e1bado Pel\u00edculas, Playtime Movies, Playtimes\u00e1bado, A.I.E. y Eliofilm (Italia)<\/p>\n\n\n\n<p><span style=\"text-decoration: underline;\">Estreno:<\/span> 28 de juny de 2024<\/p>\n\n\n\n<p><span style=\"text-decoration: underline;\">Duraci\u00f3n<\/span>: 102 min.<\/p>\n\n\n\n<p><span style=\"text-decoration: underline;\">G\u00e9nero<\/span>: Comedia<\/p>\n\n\n\n<p><span style=\"text-decoration: underline;\">Calificaci\u00f3n:<\/span> No recomendada para menores de 16 a\u00f1os<\/p>\n\n\n\n<p><span style=\"text-decoration: underline;\">Versi\u00f3n<\/span>: Original en catal\u00e1n<\/p>\n\n\n\n<p><span style=\"text-decoration: underline;\">Int\u00e9rpretes:<\/span> Alberto San Juan, Clara Segura, Emma Vilarasau, Enric Auquer, Jos\u00e9 P\u00e9rez Oca\u00f1a, Macarena Garc\u00eda, Mar\u00eda Rodr\u00edguez.<\/p>\n\n\n\n<p>Como es habitual, el precio de la entrada ser\u00e1 de 4,5\u20ac (general) y 3\u20ac para los espectadores que presenten el carnet de la Biblioteca p\u00fablica de la Bisbal del Pened\u00e8s. Los beneficios se desti nar\u00e1n a la entidad que gestione la taquilla antes de la proyecci\u00f3n, en este caso la Colla Castellera de la Bisbal del Pened\u00e8s &#8211; Bous.<\/p>\n","protected":false},"excerpt":{"rendered":"<p>El diumenge 24 de novembre, a les 18h, l\u2019Auditori Salb\u00e0 del CMC acollir\u00e0 la projecci\u00f3 del film \u201cCasa en Flames\u201d del Cicle Gaud\u00ed, dirigida per Dani de la Orden. SINOPSI &hellip; <a href=\"https:\/\/bisbalpenedes.com\/web\/2024\/11\/14\/el-diumenge-24-de-novembre-a-les-18h-podreu-veure-la-pellicula-casa-en-flames-al-cmc-en-el-marc-del-cicle-gaudi-de-cinema-catala\/\" class=\"more-link\">Read More<\/a><\/p>\n","protected":false},"author":4,"featured_media":32281,"comment_status":"closed","ping_status":"closed","sticky":false,"template":"","format":"standard","meta":[],"categories":[2942,13,8],"tags":[378,6912,308,307,4302,351],"_links":{"self":[{"href":"https:\/\/bisbalpenedes.com\/web\/wp-json\/wp\/v2\/posts\/32283"}],"collection":[{"href":"https:\/\/bisbalpenedes.com\/web\/wp-json\/wp\/v2\/posts"}],"about":[{"href":"https:\/\/bisbalpenedes.com\/web\/wp-json\/wp\/v2\/types\/post"}],"author":[{"embeddable":true,"href":"https:\/\/bisbalpenedes.com\/web\/wp-json\/wp\/v2\/users\/4"}],"replies":[{"embeddable":true,"href":"https:\/\/bisbalpenedes.com\/web\/wp-json\/wp\/v2\/comments?post=32283"}],"version-history":[{"count":3,"href":"https:\/\/bisbalpenedes.com\/web\/wp-json\/wp\/v2\/posts\/32283\/revisions"}],"predecessor-version":[{"id":32286,"href":"https:\/\/bisbalpenedes.com\/web\/wp-json\/wp\/v2\/posts\/32283\/revisions\/32286"}],"wp:featuredmedia":[{"embeddable":true,"href":"https:\/\/bisbalpenedes.com\/web\/wp-json\/wp\/v2\/media\/32281"}],"wp:attachment":[{"href":"https:\/\/bisbalpenedes.com\/web\/wp-json\/wp\/v2\/media?parent=32283"}],"wp:term":[{"taxonomy":"category","embeddable":true,"href":"https:\/\/bisbalpenedes.com\/web\/wp-json\/wp\/v2\/categories?post=32283"},{"taxonomy":"post_tag","embeddable":true,"href":"https:\/\/bisbalpenedes.com\/web\/wp-json\/wp\/v2\/tags?post=32283"}],"curies":[{"name":"wp","href":"https:\/\/api.w.org\/{rel}","templated":true}]}}