{"id":32274,"date":"2024-11-14T13:54:38","date_gmt":"2024-11-14T11:54:38","guid":{"rendered":"https:\/\/bisbalpenedes.com\/web\/?p=32274"},"modified":"2024-11-15T10:32:21","modified_gmt":"2024-11-15T08:32:21","slug":"lajuntament-de-la-bisbal-del-penedes-ha-atorgat-20-subvencions-de-xec-nado-per-un-import-de-100e-cadascuna-als-nadons-nascuts-el-2022-i-el-2023","status":"publish","type":"post","link":"https:\/\/bisbalpenedes.com\/web\/2024\/11\/14\/lajuntament-de-la-bisbal-del-penedes-ha-atorgat-20-subvencions-de-xec-nado-per-un-import-de-100e-cadascuna-als-nadons-nascuts-el-2022-i-el-2023\/","title":{"rendered":"<strong>L&#8217;Ajuntament de la Bisbal del Pened\u00e8s ha atorgat 20 subvencions de &#8216;Xec Nad\u00f3&#8217; per un import de 100\u20ac cadascuna als nadons nascuts el 2022 i el 2023<\/strong>"},"content":{"rendered":"\n<p>Un any m\u00e9s, l\u2019Ajuntament de la Bisbal del Pened\u00e8s ha convocat el \u2018Xec Nad\u00f3\u2019, una iniciativa de la Regidoria de Comer\u00e7 que es va engegar fa set anys per donar a con\u00e8ixer, potenciar i dinamitzar el comer\u00e7 local. El \u2018Xec Nad\u00f3\u2019 es destina a aquelles fam\u00edlies bisbalenques que hagin tingut o adoptat un infant, en aquest cas durant els anys 2022 i 2023. L\u2019objectiu d\u2019aquesta iniciativa, a banda de dinamitzar el comer\u00e7 local, \u00e9s ajudar les fam\u00edlies amb les despeses del primer any del naixement o l\u2019adopci\u00f3. Enguany han resultat benefici\u00e0ries d\u2019aquesta subvenci\u00f3 un total de 20 fam\u00edlies.<\/p>\n\n\n\n<p>Els i les benefici\u00e0ries reben 100\u20ac en vals (10 vals de 10\u20ac) per bescanviar-los per productes i serveis als comer\u00e7os adherits a la campanya, fins el 31 d\u2019octubre de 2024. Els establiments adherits s\u00f3n: Cal Perebusquet, Supermercat Jaume, Farm\u00e0cia Dalmau, Caprabo de la Bisbal del Pened\u00e8s i Fruiteria Agro-Verd.<\/p>\n\n\n\n<p>Enguany, un total de 36 fam\u00edlies han presentat la documentaci\u00f3 per a la subvenci\u00f3, de les quals 16 no han resultat benefici\u00e0ries del \u2018Xec Nad\u00f3\u2019 per diversos motius: dotze tenien deutes pendents (per la qual cosa no pot resultar benefici\u00e0ria d\u2019una subvenci\u00f3) i quatre no complien el requisit de l\u2019empadronament.<\/p>\n\n\n\n<hr class=\"wp-block-separator has-alpha-channel-opacity\"\/>\n\n\n\n<h1><strong>El Ajuntament de La Bisbal del Pened\u00e8s ha otorgado 20 subvenciones de &#8216;Xec Nad\u00f3&#8217; por un importe de 100\u20ac cada una a los beb\u00e9s nacidos en 2022 y 2023<\/strong><\/h1>\n\n\n\n<p>Un a\u00f1o m\u00e1s, el Ajuntaemnt de La Bisbal del Pened\u00e8s ha convocado el &#8216;Xec Nad\u00f3&#8217;, una iniciativa de la Concejal\u00eda de Comercio que se puso en marcha hace siete a\u00f1os para dar a conocer, potenciar y dinamizar el comercio local. El &#8216;Xec Nad\u00f3&#8217; se destina a aquellas familias de La Bisbal que hayan tenido o adoptado un ni\u00f1o, en este caso durante los a\u00f1os 2022 y 2023. El objetivo de esta iniciativa, adem\u00e1s de dinamizar el comercio local, es ayudar a las familias con los gastos del primer a\u00f1o del nacimiento o la adopci\u00f3n. Este a\u00f1o han resultado beneficiarias de esta subvenci\u00f3n un total de 20 familias.<\/p>\n\n\n\n<p>Los y las beneficiarias reciben 100\u20ac en vales (10 vales de 10\u20ac) para canjearlos por productos y servicios en los comercios adheridos a la campa\u00f1a, hasta el 31 de octubre de 2024. Los establecimientos adheridos son: Cal Perebusquet, Supermercat Jaume, Farmacia Dalmau, Caprabo de La Bisbal del Pened\u00e8s y Fruter\u00eda Agro-Verd.<\/p>\n\n\n\n<p>Este a\u00f1o, un total de 36 familias han presentado la documentaci\u00f3n para la subvenci\u00f3n, de las cuales 16 no han resultado beneficiarias del &#8216;Xec Nad\u00f3&#8217; por varios motivos: doce ten\u00edan deudas pendientes (por lo que no pueden resultar beneficiarias de una subvenci\u00f3n) y cuatro no cumpl\u00edan el requisito del empadronamiento.<\/p>\n","protected":false},"excerpt":{"rendered":"<p>Un any m\u00e9s, l\u2019Ajuntament de la Bisbal del Pened\u00e8s ha convocat el \u2018Xec Nad\u00f3\u2019, una iniciativa de la Regidoria de Comer\u00e7 que es va engegar fa set anys per donar &hellip; <a href=\"https:\/\/bisbalpenedes.com\/web\/2024\/11\/14\/lajuntament-de-la-bisbal-del-penedes-ha-atorgat-20-subvencions-de-xec-nado-per-un-import-de-100e-cadascuna-als-nadons-nascuts-el-2022-i-el-2023\/\" class=\"more-link\">Read More<\/a><\/p>\n","protected":false},"author":4,"featured_media":31336,"comment_status":"closed","ping_status":"closed","sticky":false,"template":"","format":"standard","meta":[],"categories":[3860,8],"tags":[459,393,239,1374,99,240],"_links":{"self":[{"href":"https:\/\/bisbalpenedes.com\/web\/wp-json\/wp\/v2\/posts\/32274"}],"collection":[{"href":"https:\/\/bisbalpenedes.com\/web\/wp-json\/wp\/v2\/posts"}],"about":[{"href":"https:\/\/bisbalpenedes.com\/web\/wp-json\/wp\/v2\/types\/post"}],"author":[{"embeddable":true,"href":"https:\/\/bisbalpenedes.com\/web\/wp-json\/wp\/v2\/users\/4"}],"replies":[{"embeddable":true,"href":"https:\/\/bisbalpenedes.com\/web\/wp-json\/wp\/v2\/comments?post=32274"}],"version-history":[{"count":1,"href":"https:\/\/bisbalpenedes.com\/web\/wp-json\/wp\/v2\/posts\/32274\/revisions"}],"predecessor-version":[{"id":32276,"href":"https:\/\/bisbalpenedes.com\/web\/wp-json\/wp\/v2\/posts\/32274\/revisions\/32276"}],"wp:featuredmedia":[{"embeddable":true,"href":"https:\/\/bisbalpenedes.com\/web\/wp-json\/wp\/v2\/media\/31336"}],"wp:attachment":[{"href":"https:\/\/bisbalpenedes.com\/web\/wp-json\/wp\/v2\/media?parent=32274"}],"wp:term":[{"taxonomy":"category","embeddable":true,"href":"https:\/\/bisbalpenedes.com\/web\/wp-json\/wp\/v2\/categories?post=32274"},{"taxonomy":"post_tag","embeddable":true,"href":"https:\/\/bisbalpenedes.com\/web\/wp-json\/wp\/v2\/tags?post=32274"}],"curies":[{"name":"wp","href":"https:\/\/api.w.org\/{rel}","templated":true}]}}