{"id":32269,"date":"2024-11-14T13:40:08","date_gmt":"2024-11-14T11:40:08","guid":{"rendered":"https:\/\/bisbalpenedes.com\/web\/?p=32269"},"modified":"2024-11-14T13:44:33","modified_gmt":"2024-11-14T11:44:33","slug":"el-ple-aprova-la-modificacio-de-les-ordenances-fiscals-per-al-preu-public-de-la-piscina-el-casal-destiu-i-la-taxa-reguladora-de-retirada-de-vehicles-de-la-via-publica","status":"publish","type":"post","link":"https:\/\/bisbalpenedes.com\/web\/2024\/11\/14\/el-ple-aprova-la-modificacio-de-les-ordenances-fiscals-per-al-preu-public-de-la-piscina-el-casal-destiu-i-la-taxa-reguladora-de-retirada-de-vehicles-de-la-via-publica\/","title":{"rendered":"El Ple aprova la modificaci\u00f3 de les ordenances fiscals per al preu p\u00fablic de la piscina, el Casal d&#8217;Estiu i la taxa reguladora de la retirada de vehicles de la via p\u00fablica"},"content":{"rendered":"\n<p>El Ple extraordinari del 7 de novembre va aprovar la modificaci\u00f3 de tres ordenances.<\/p>\n\n\n\n<p><strong>Modificaci\u00f3 de l&#8217;ordenan\u00e7a fiscal 17, reguladora del preu p\u00fablic de la piscina municipal<\/strong><\/p>\n\n\n\n<p>Es modifica l&#8217;ordenan\u00e7a actualitzant els preus i adequant les entrades a la nova temporalitat de la piscina municipal, que comen\u00e7a a mitjans de juny. Amb aquesta actualitzaci\u00f3 de preus, que t\u00e9 en compte els costos actuals de la gesti\u00f3 i el manteniment de la piscina, tamb\u00e9 s&#8217;aposta per la fidelitat de les persones bisbalenques que van cada dia a la piscina, incloent un abonament de 80 entrades per 90\u20ac, que comporta que l&#8217;entrada individual adquirint aquest abonament tingui un cost de 1,12\u20ac.<\/p>\n\n\n\n<figure class=\"wp-block-table\"><table><tbody><tr><td>&nbsp;<\/td><td>2016<\/td><td>2025<\/td><\/tr><tr><td>Entrada \u00fanica<\/td><td>3\u20ac<\/td><td>6\u20ac<\/td><\/tr><tr><td>Abonament 80 entrades<\/td><td>&#8211;<\/td><td>90\u20ac<\/td><\/tr><tr><td>Abonament 60 entrades<\/td><td>60\u20ac<\/td><td>&#8211;<\/td><\/tr><tr><td>Abonament 30 entrades<\/td><td>40\u20ac<\/td><td>70\u20ac<\/td><\/tr><tr><td>Abonament 10 entrades<\/td><td>22<\/td><td>30\u20ac<\/td><\/tr><\/tbody><\/table><\/figure>\n\n\n\n<p>Les persones empadronades amb una discapacitat superior al 65% continuaran tenint un descompte en l&#8217;entrada del 50%, pr\u00e8via sol\u00b7licitud i justificaci\u00f3 degudament acreditada a les oficines municipals. D&#8217;altra banda, com en els anys anteriors, les entrades de l&#8217;any anterior que no s&#8217;hagin utilitzat es podran utilitzar fins al 30 de juny de l&#8217;any seg\u00fcent.<\/p>\n\n\n\n<p><strong>Modificaci\u00f3 de l&#8217;ordenan\u00e7a fiscal 19, taxa reguladora per a la retirada de vehicles de la via p\u00fablica<\/strong><\/p>\n\n\n\n<p>Es modifica la taxa per adaptar-la als canvis normatius que s&#8217;han produ\u00eft des de l&#8217;any 2002. Aix\u00ed, s&#8217;actualitza l&#8217;ordenan\u00e7a tenint en compte les necessitats actuals i les despeses imputables al servei.<\/p>\n\n\n\n<figure class=\"wp-block-table\"><table><tbody><tr><td><strong>&nbsp;<\/strong><\/td><td><strong>2002<\/strong><\/td><td><strong>2002<\/strong><\/td><\/tr><tr><td><strong>Per retirada<\/strong><\/td><td><strong>Per cust\u00f2dia\/mes<\/strong><\/td><\/tr><tr><td>Servei de grua de dilluns a divendres (no festius)<\/td><td>50\u20ac<\/td><td>18\u20ac<\/td><\/tr><tr><td>Servei de grua dies festius<\/td><td>61\u20ac<\/td><td>18\u20ac<\/td><\/tr><tr><td>Per retirada de vehicle i 2 mesos d&#8217;estacionament<\/td><td>90\u20ac<\/td><td>&#8211;<\/td><\/tr><tr><td>Per magatzem de vehicle m\u00e9s de 2 mesos<\/td><td>&#8211;<\/td><td>18\u20ac<\/td><\/tr><\/tbody><\/table><\/figure>\n\n\n\n<figure class=\"wp-block-table\"><table><tbody><tr><td><strong>Actualitzaci\u00f3 de conceptes i imports<\/strong><\/td><td><strong>2025<\/strong><\/td><\/tr><tr><td>Per retirada i transport de turismes, petits utilitaris i motocicletes<\/td><td>232\u20ac<\/td><\/tr><tr><td>Per retirada i transport de furgonetes, vehicles comercials i remolcs<\/td><td>291\u20ac<\/td><\/tr><tr><td>Per retirada i transport de camions i vehicles de gran volum<\/td><td>348\u20ac<\/td><\/tr><tr><td><strong>Per magatzem de vehicles (mensual)<\/strong><\/td><td>136\u20ac<\/td><\/tr><\/tbody><\/table><\/figure>\n\n\n\n<p><strong>Modificaci\u00f3 de l&#8217;ordenan\u00e7a fiscal 29, taxa reguladora del preu p\u00fablic del Casal (de Nadal i d&#8217;Estiu)<\/strong><\/p>\n\n\n\n<p>El 2016 es va modificar l&#8217;ordenan\u00e7a del Casal (de Nadal i d&#8217;Estiu) i ara s&#8217;han actualitzat els preus, adaptant les quotes als diversos serveis relacionats. Amb aquesta actualitzaci\u00f3 de preus s&#8217;aposta per la fidelitat de les fam\u00edlies que inscriuen els infants al Casal d&#8217;estiu m\u00e9s d&#8217;una setmana.<\/p>\n\n\n\n<p>Es modifica l&#8217;article 2. A banda d&#8217;incloure que el Casal d&#8217;Estiu s&#8217;ofereix els mesos de juny, juliol i agost, tamb\u00e9 s&#8217;hi inclou el servei de menjador amb carmanyola vinculat al casal:<\/p>\n\n\n\n<ul><li>El servei de Casal de Nadal durant els mesos de desembre i gener<\/li><li>Qualsevol altre Casal organitzat per l&#8217;Ajuntament en altres per\u00edodes en que es pugui assumir que les condicions s\u00f3n similars a les dels casals d&#8217;Estiu o Nadal<\/li><\/ul>\n\n\n\n<figure class=\"wp-block-table\"><table><tbody><tr><td><strong>Concepte<\/strong><\/td><td><strong>2016<\/strong> <strong>(preu per setmana)<\/strong><\/td><td><strong>2025<\/strong> <strong>(preu per setmana)<\/strong><\/td><\/tr><tr><td>Casal d&#8217;estiu, per setmana<\/td><td>35\u20ac<\/td><td>60\u20ac<\/td><\/tr><tr><td>Casal d&#8217;estiu, per setmanes correlatives<\/td><td>30\u20ac<\/td><td>50\u20ac<\/td><\/tr><tr><td>Servei de menjador amb carmanyola<\/td><td>15\u20ac<\/td><td>20\u20ac<\/td><\/tr><tr><td>Casal de Nadal, preu per setmana<\/td><td>35\u20ac<\/td><td>40\u20ac<\/td><\/tr><\/tbody><\/table><\/figure>\n\n\n\n<hr class=\"wp-block-separator has-alpha-channel-opacity\"\/>\n\n\n\n<p><strong>CASTELLANO |<\/strong>&nbsp;<strong>El Pleno aprueba la modificaci\u00f3n de las ordenanzas fiscales para el precio p\u00fablico de la piscina, el Casal d&#8217;Estiu y la tasa reguladora de retirada de veh\u00edculos de la v\u00eda p\u00fablica<\/strong><\/p>\n\n\n\n<p>El Pleno extraordinario del 7 de noviembre aprob\u00f3 la modificaci\u00f3n de tres ordenanzas.<\/p>\n\n\n\n<p><strong>Modificaci\u00f3n de la ordenanza fiscal 17, reguladora del precio p\u00fablico de la piscina municipal<\/strong><\/p>\n\n\n\n<p>Se modifica la ordenanza actualizando los precios y adecuando las entradas a la nueva temporalidad de la piscina municipal, que comienza a mediados de junio. Con esta actualizaci\u00f3n de precios, que tiene en cuenta los costes actuales de la gesti\u00f3n y el mantenimiento de la piscina, tambi\u00e9n se apuesta por la fidelidad de los vecinos de La Bisbal que van cada d\u00eda a la piscina, incluyendo un abono de 80 entradas por 90\u20ac, que supone que la entrada individual adquiriendo este abono tenga un coste de 1,12\u20ac.<\/p>\n\n\n\n<figure class=\"wp-block-table\"><table><tbody><tr><td>&nbsp;<\/td><td>2016<\/td><td>2025<\/td><\/tr><tr><td>Entrada \u00fanica<\/td><td>3\u20ac<\/td><td>6\u20ac<\/td><\/tr><tr><td>Bono 80 entradas<\/td><td>&#8211;<\/td><td>90\u20ac<\/td><\/tr><tr><td>Bono 60 entradas<\/td><td>60\u20ac<\/td><td>&#8211;<\/td><\/tr><tr><td>Bono 30 entradas<\/td><td>40\u20ac<\/td><td>70\u20ac<\/td><\/tr><tr><td>Bono 10 entradas<\/td><td>22<\/td><td>30\u20ac<\/td><\/tr><\/tbody><\/table><\/figure>\n\n\n\n<p>Las personas empadronadas con una discapacidad superior al 65% continuar\u00e1n teniendo un descuento en la entrada del 50%, previa solicitud y justificaci\u00f3n debidamente acreditada en las oficinas municipales. Por otro lado, como en los a\u00f1os anteriores, las entradas del a\u00f1o anterior que no se hayan utilizado se podr\u00e1n utilizar hasta el 30 de junio del a\u00f1o siguiente.<\/p>\n\n\n\n<p><strong>Modificaci\u00f3n de la ordenanza fiscal 19, tasa reguladora para la retirada de veh\u00edculos de la v\u00eda p\u00fablica<\/strong><\/p>\n\n\n\n<p>Se modifica la tasa para adaptarla a los cambios normativos que se han producido desde el a\u00f1o 2002. As\u00ed, se actualiza la ordenanza teniendo en cuenta las necesidades actuales y los gastos imputables al servicio.<\/p>\n\n\n\n<figure class=\"wp-block-table\"><table><tbody><tr><td><strong>&nbsp;<\/strong><\/td><td><strong>2002<\/strong><\/td><td><strong>2002<\/strong><\/td><\/tr><tr><td><strong>Por retirada<\/strong><\/td><td><strong>Por custodia\/mes<\/strong><\/td><\/tr><tr><td>Servicio de gr\u00faa de lunes a viernes (no festivos)<\/td><td>50\u20ac<\/td><td>18\u20ac<\/td><\/tr><tr><td>Servicio de gr\u00faa los d\u00edas festivos<\/td><td>61\u20ac<\/td><td>18\u20ac<\/td><\/tr><tr><td>Por retirada de veh\u00edculo y 2 meses de estacionamiento<\/td><td>90\u20ac<\/td><td>&#8211;<\/td><\/tr><tr><td>Por almac\u00e9n de veh\u00edculo m\u00e1s de 2 meses<\/td><td>&#8211;<\/td><td>18\u20ac<\/td><\/tr><\/tbody><\/table><\/figure>\n\n\n\n<figure class=\"wp-block-table\"><table><tbody><tr><td><strong>Actualizaci\u00f3n de conceptos e importes<\/strong><\/td><td><strong>2025<\/strong><\/td><\/tr><tr><td>Por retirada y transporte de turismos, peque\u00f1os utilitarios y motocicletas<\/td><td>232\u20ac<\/td><\/tr><tr><td>Por retirada y transporte de furgonetas, veh\u00edculos comerciales y remolques<\/td><td>291\u20ac<\/td><\/tr><tr><td>Por retirada y transporte de camiones y veh\u00edculos de gran volumen<\/td><td>348\u20ac<\/td><\/tr><tr><td><strong>Por almac\u00e9n de veh\u00edculos (mensual)<\/strong><\/td><td>136\u20ac<\/td><\/tr><\/tbody><\/table><\/figure>\n\n\n\n<p><strong>Modificaci\u00f3n de la ordenanza fiscal 29, tasa reguladora del precio p\u00fablico del Casal (de Navidad y de Verano)<\/strong><\/p>\n\n\n\n<p>En 2016 se modific\u00f3 la ordenanza del Casal (de Navidad y de Verano) y ahora se han actualizado los precios, adaptando las cuotas a los diversos servicios relacionados. Con esta actualizaci\u00f3n de precios se apuesta por la fidelidad de las familias que inscriben a los ni\u00f1os en el Casal d&#8217;Estiu m\u00e1s de una semana.<\/p>\n\n\n\n<p>Se modifica el art\u00edculo 2. Adem\u00e1s de incluir que el Casal d&#8217;Estiu se ofrece los meses de junio, julio y agosto, tambi\u00e9n se incluye el servicio de comedor con fiambrera vinculado al casal:<\/p>\n\n\n\n<ul><li>El servicio de Casal de Navidad durante los meses de diciembre y enero<\/li><li>Cualquier otro Casal organizado por el Ayuntamiento en otros per\u00edodos en que se pueda asumir que las condiciones son similares a las de los casales de Verano o Navidad<\/li><\/ul>\n\n\n\n<figure class=\"wp-block-table\"><table><tbody><tr><td><strong>Concepto<\/strong><\/td><td><strong>2016<\/strong> <strong>(precio por semana)<\/strong><\/td><td><strong>2025<\/strong> <strong>(precio por semana)<\/strong><\/td><\/tr><tr><td>Casal d&#8217;Estiu, por semana<\/td><td>35\u20ac<\/td><td>60\u20ac<\/td><\/tr><tr><td>Casal d&#8217;Estiu, por semanas correlatives<\/td><td>30\u20ac<\/td><td>50\u20ac<\/td><\/tr><tr><td>Servicio de comedor con fiambrera<\/td><td>15\u20ac<\/td><td>20\u20ac<\/td><\/tr><tr><td>Casal de Navidad, precio por semana<\/td><td>35\u20ac<\/td><td>40\u20ac<\/td><\/tr><\/tbody><\/table><\/figure>\n","protected":false},"excerpt":{"rendered":"<p>El Ple extraordinari del 7 de novembre va aprovar la modificaci\u00f3 de tres ordenances. Modificaci\u00f3 de l&#8217;ordenan\u00e7a fiscal 17, reguladora del preu p\u00fablic de la piscina municipal Es modifica l&#8217;ordenan\u00e7a &hellip; <a href=\"https:\/\/bisbalpenedes.com\/web\/2024\/11\/14\/el-ple-aprova-la-modificacio-de-les-ordenances-fiscals-per-al-preu-public-de-la-piscina-el-casal-destiu-i-la-taxa-reguladora-de-retirada-de-vehicles-de-la-via-publica\/\" class=\"more-link\">Read More<\/a><\/p>\n","protected":false},"author":4,"featured_media":32271,"comment_status":"closed","ping_status":"closed","sticky":false,"template":"","format":"standard","meta":[],"categories":[8,2251,2250],"tags":[393,1049,539],"_links":{"self":[{"href":"https:\/\/bisbalpenedes.com\/web\/wp-json\/wp\/v2\/posts\/32269"}],"collection":[{"href":"https:\/\/bisbalpenedes.com\/web\/wp-json\/wp\/v2\/posts"}],"about":[{"href":"https:\/\/bisbalpenedes.com\/web\/wp-json\/wp\/v2\/types\/post"}],"author":[{"embeddable":true,"href":"https:\/\/bisbalpenedes.com\/web\/wp-json\/wp\/v2\/users\/4"}],"replies":[{"embeddable":true,"href":"https:\/\/bisbalpenedes.com\/web\/wp-json\/wp\/v2\/comments?post=32269"}],"version-history":[{"count":2,"href":"https:\/\/bisbalpenedes.com\/web\/wp-json\/wp\/v2\/posts\/32269\/revisions"}],"predecessor-version":[{"id":32273,"href":"https:\/\/bisbalpenedes.com\/web\/wp-json\/wp\/v2\/posts\/32269\/revisions\/32273"}],"wp:featuredmedia":[{"embeddable":true,"href":"https:\/\/bisbalpenedes.com\/web\/wp-json\/wp\/v2\/media\/32271"}],"wp:attachment":[{"href":"https:\/\/bisbalpenedes.com\/web\/wp-json\/wp\/v2\/media?parent=32269"}],"wp:term":[{"taxonomy":"category","embeddable":true,"href":"https:\/\/bisbalpenedes.com\/web\/wp-json\/wp\/v2\/categories?post=32269"},{"taxonomy":"post_tag","embeddable":true,"href":"https:\/\/bisbalpenedes.com\/web\/wp-json\/wp\/v2\/tags?post=32269"}],"curies":[{"name":"wp","href":"https:\/\/api.w.org\/{rel}","templated":true}]}}