{"id":32260,"date":"2024-11-14T13:18:38","date_gmt":"2024-11-14T11:18:38","guid":{"rendered":"https:\/\/bisbalpenedes.com\/web\/?p=32260"},"modified":"2024-11-14T13:28:03","modified_gmt":"2024-11-14T11:28:03","slug":"el-ple-aprova-el-preu-public-per-al-nou-servei-de-menjar-saludable-per-a-la-gent-gran","status":"publish","type":"post","link":"https:\/\/bisbalpenedes.com\/web\/2024\/11\/14\/el-ple-aprova-el-preu-public-per-al-nou-servei-de-menjar-saludable-per-a-la-gent-gran\/","title":{"rendered":"<strong>El Ple aprova el preu p\u00fablic per al nou servei de menjar saludable per a la gent gran<\/strong>"},"content":{"rendered":"\n<p>El Ple extraordinari del 7 de novembre va aprovar, per unanimitat, el preu p\u00fablic de 5\u20ac per men\u00fa i persona en el marc del nou servei de menjar saludable per a la gent gran. En el cas que en un habitatge hi hagi dos o m\u00e9s usuaris beneficiaris que conformin una \u00fanica unitat familiar i tots dos compleixin els requisits establerts, el preu p\u00fablic ser\u00e0 de 4\u20ac per persona i men\u00fa. Cada men\u00fa inclou: primer plat, segon plat, postres i pa, en fred. Els men\u00fas s&#8217;adaptaran a l&#8217;\u00e8poca estacional de l&#8217;any i al calendari festiu i tradicional, aix\u00ed com a les condicions de salut dels usuaris i les usu\u00e0ries del servei.<\/p>\n\n\n\n<p>El servei de men\u00fas saludables per a la gent gran t\u00e9 per objectiu garantir que les persones grans que viuen soles tinguin una alimentaci\u00f3 adequada a la seva edat i a la seva salut i necessitats, \u00e9s a dir, que la dieta sigui suficient, equilibrada, personalitzada i adaptada a les prescripcions m\u00e8diques de cada persona. Amb aix\u00f2, es pret\u00e9n que puguin continuar vivint a casa seva el m\u00e0xim de temps possible i en les millors condicions. Per aquest motiu, l&#8217;Ajuntament ha aprovat uns preus p\u00fablics assequibles i subvenciona el 63% d&#8217;aquest servei, amb l&#8217;objectiu que la gent gran del municipi se&#8217;n pugui beneficiar.<\/p>\n\n\n\n<p>El servei de men\u00fas saludables es prestar\u00e0 de dilluns a divendres al llarg de tot l&#8217;any, amb una freq\u00fc\u00e8ncia de dos dies a la setmana. Els men\u00fas es repartiran a domicili entre les 9 i les 15h, assignant un horari concret a cada usuari. S&#8217;oferiran dietes personalitzades, adaptades a cada persona i a la seva salut (hi haur\u00e0 dietes hipercal\u00f2riques, diab\u00e8tiques, baixes en greixos, hiperproteiques, astringents, hipers\u00f2diques, riques en fibra, etc.).<\/p>\n\n\n\n<p>La Bisbal del Pened\u00e8s compta amb m\u00e9s de 800 persones que superen els seixanta-cinc anys d&#8217;edat i, en aquest grup, hi ha m\u00e9s de 300 persones que viuen soles o acompanyades per una altra persona gran amb discapacitat o amb depend\u00e8ncia. Per tot aix\u00f2, l&#8217;Ajuntament de al Bisbal del Pened\u00e8s va decidir, a trav\u00e9s de la Regidoria de la Gent Gran, ha creat aquest servei de menjar a domicili de gesti\u00f3 indirecta, que es far\u00e0 mitjan\u00e7ant una concessi\u00f3 de serveis.<\/p>\n\n\n\n<p>Els requisits d&#8217;acc\u00e9s al servei seran els seg\u00fcents:<\/p>\n\n\n\n<p>a)Estar empadronat\/da al municipi de la Bisbal del Pened\u00e8s amb una antiguitat m\u00ednima d&#8217;un any.<\/p>\n\n\n\n<p>b)Tenir m\u00e9s de seixanta-cinc anys<\/p>\n\n\n\n<p>c)Tenir reconegut, com a m\u00ednim, el grau I de depend\u00e8ncia o un 33% de discapacitat o tenir dificultats de mobilitat i manca d&#8217;autonomia personal, situaci\u00f3 -aquesta darrera- que haur\u00e0 de ser valorada pel servei.<\/p>\n\n\n\n<p>d)Viure sol\/a o acompanyat\/da d&#8217;una persona major de seixanta-cinc anys, en situaci\u00f3 de depend\u00e8ncia o amb alguna discapacitat reconeguda.<\/p>\n\n\n\n<hr class=\"wp-block-separator has-alpha-channel-opacity\"\/>\n\n\n\n<h1><strong>CASTELLANO |<\/strong> <strong>El Pleno aprueba el precio p\u00fablico para el nuevo servicio de comida saludable para personas mayores<\/strong><\/h1>\n\n\n\n<p>El Pleno extraordinario del 7 de noviembre aprob\u00f3, por unanimidad, el precio p\u00fablico de 5\u20ac por men\u00fa y persona en el marco del nuevo servicio de comida saludable para personas mayores. En el caso de que en una vivienda haya dos o m\u00e1s usuarios beneficiarios que conformen una \u00fanica unidad familiar y ambos cumplan los requisitos establecidos, el precio p\u00fablico ser\u00e1 de 4\u20ac por persona y men\u00fa. Cada men\u00fa incluye: primer plato, segundo plato, postre y pan, en fr\u00edo. Los men\u00fas se adaptar\u00e1n a la \u00e9poca estacional del a\u00f1o y al calendario festivo y tradicional as\u00ed como a las condiciones de salud de los usuarios y las usuarias del servicio.<\/p>\n\n\n\n<p>El servicio de men\u00fas saludables para personas mayores tiene por objetivo garantizar que las personas mayores que viven solas tengan una alimentaci\u00f3n adecuada a su edad y a su salud y necesidades, es decir, que la dieta sea suficiente, equilibrada, personalizada y adaptada a las prescripciones m\u00e9dicas de cada persona. Con esto, se pretende que puedan continuar viviendo en su casa el m\u00e1ximo tiempo posible y en las mejores condiciones. Por este motivo, el Ayuntamiento ha aprobado unos precios p\u00fablicos asequibles y subvenciona el 63% de este servicio, con el objetivo de que las personas mayores del municipio puedan beneficiarse del mismo.<\/p>\n\n\n\n<p>El servicio de men\u00fas saludables se prestar\u00e1 de lunes a viernes durante todo el a\u00f1o, con una frecuencia de dos d\u00edas a la semana. Los men\u00fas se repartir\u00e1n a domicilio entre las 9 y las 15h, asignando un horario concreto a cada usuario. Se ofrecer\u00e1n dietas personalizadas, adaptadas a cada persona y a su salud (habr\u00e1 dietas hipercal\u00f3ricas, diab\u00e9ticas, bajas en grasas, hiperproteicas, astringentes, hipers\u00f3dicas, ricas en fibra, etc.).<\/p>\n\n\n\n<p>La Bisbal del Pened\u00e8s cuenta con m\u00e1s de 800 personas que superan los sesenta y cinco a\u00f1os de edad y, en este grupo, hay m\u00e1s de 300 personas que viven solas o acompa\u00f1adas por otra persona mayor con discapacidad o con dependencia. Por todo ello, el Ajuntament de La Bisbal del Pened\u00e8s decidi\u00f3, a trav\u00e9s de la Regidoria de la Gent Gran, ha creado este servicio de comida a domicilio de gesti\u00f3n indirecta, que se realizar\u00e1 mediante una concesi\u00f3n de servicios.<\/p>\n\n\n\n<p>Los requisitos de acceso al servicio ser\u00e1n los siguientes:<\/p>\n\n\n\n<p>a) Estar empadronado\/a en el municipio de La Bisbal del Pened\u00e8s con una antig\u00fcedad m\u00ednima de un a\u00f1o.<\/p>\n\n\n\n<p>b) Tener m\u00e1s de sesenta y cinco a\u00f1os<\/p>\n\n\n\n<p>c) Tener reconocido, como m\u00ednimo, el grado I de dependencia o un 33% de discapacidad o tener dificultades de movilidad y falta de autonom\u00eda personal, situaci\u00f3n -esta \u00faltima- que deber\u00e1 ser valorada por el servicio.<\/p>\n\n\n\n<p>d) Vivir solo\/a o acompa\u00f1ado\/a de una persona mayor de sesenta y cinco a\u00f1os, en situaci\u00f3n de dependencia o con alguna discapacidad reconocida.<\/p>\n","protected":false},"excerpt":{"rendered":"<p>El Ple extraordinari del 7 de novembre va aprovar, per unanimitat, el preu p\u00fablic de 5\u20ac per men\u00fa i persona en el marc del nou servei de menjar saludable per &hellip; <a href=\"https:\/\/bisbalpenedes.com\/web\/2024\/11\/14\/el-ple-aprova-el-preu-public-per-al-nou-servei-de-menjar-saludable-per-a-la-gent-gran\/\" class=\"more-link\">Read More<\/a><\/p>\n","protected":false},"author":4,"featured_media":32262,"comment_status":"closed","ping_status":"closed","sticky":false,"template":"","format":"standard","meta":[],"categories":[464,8],"tags":[459,305,393,5037,1374,6607,423,6909],"_links":{"self":[{"href":"https:\/\/bisbalpenedes.com\/web\/wp-json\/wp\/v2\/posts\/32260"}],"collection":[{"href":"https:\/\/bisbalpenedes.com\/web\/wp-json\/wp\/v2\/posts"}],"about":[{"href":"https:\/\/bisbalpenedes.com\/web\/wp-json\/wp\/v2\/types\/post"}],"author":[{"embeddable":true,"href":"https:\/\/bisbalpenedes.com\/web\/wp-json\/wp\/v2\/users\/4"}],"replies":[{"embeddable":true,"href":"https:\/\/bisbalpenedes.com\/web\/wp-json\/wp\/v2\/comments?post=32260"}],"version-history":[{"count":5,"href":"https:\/\/bisbalpenedes.com\/web\/wp-json\/wp\/v2\/posts\/32260\/revisions"}],"predecessor-version":[{"id":32267,"href":"https:\/\/bisbalpenedes.com\/web\/wp-json\/wp\/v2\/posts\/32260\/revisions\/32267"}],"wp:featuredmedia":[{"embeddable":true,"href":"https:\/\/bisbalpenedes.com\/web\/wp-json\/wp\/v2\/media\/32262"}],"wp:attachment":[{"href":"https:\/\/bisbalpenedes.com\/web\/wp-json\/wp\/v2\/media?parent=32260"}],"wp:term":[{"taxonomy":"category","embeddable":true,"href":"https:\/\/bisbalpenedes.com\/web\/wp-json\/wp\/v2\/categories?post=32260"},{"taxonomy":"post_tag","embeddable":true,"href":"https:\/\/bisbalpenedes.com\/web\/wp-json\/wp\/v2\/tags?post=32260"}],"curies":[{"name":"wp","href":"https:\/\/api.w.org\/{rel}","templated":true}]}}