{"id":32240,"date":"2024-11-13T15:21:23","date_gmt":"2024-11-13T13:21:23","guid":{"rendered":"https:\/\/bisbalpenedes.com\/web\/?p=32240"},"modified":"2024-11-13T15:21:23","modified_gmt":"2024-11-13T13:21:23","slug":"presentacio-de-la-campanya-posicionat-contra-la-violencia-masclista-al-baix-penedes","status":"publish","type":"post","link":"https:\/\/bisbalpenedes.com\/web\/2024\/11\/13\/presentacio-de-la-campanya-posicionat-contra-la-violencia-masclista-al-baix-penedes\/","title":{"rendered":"Presentaci\u00f3 de la CAMPANYA POSICIONA&#8217;T contra la viol\u00e8ncia masclista al Baix Pened\u00e8s"},"content":{"rendered":"\n<p>El proper dilluns 18 de novembre, a les 10h, el Centre Municipal de Cultura de la Bisbal del Pened\u00e8s acollir\u00e0 la presentaci\u00f3 de la CAMPANYA POSICIONA&#8217;T contra la viol\u00e8ncia masclista al Baix Pened\u00e8s.<\/p>\n\n\n\n<p>Es tracta d&#8217;una iniciativa que busca la implicaci\u00f3 i la responsabilitat del conjunt de la societat en la lluita contra la viol\u00e8ncia envers les dones. Tamb\u00e9 pret\u00e9n conscienciar que el silenci o la veu de l&#8217;entorn pot marcar la difer\u00e8ncia en situacions de viol\u00e8ncia masclista.<\/p>\n\n\n\n<p>La campanya s&#8217;organitza des del Consell Comarcal del Baix Pened\u00e8s amb la col\u00b7laboraci\u00f3 dels ajuntaments de la comarca i comptar\u00e0 amb la participaci\u00f3 dels comer\u00e7os bisbalencs que, la setmana del 25N (Dia Internacional per l&#8217;Erradicaci\u00f3 de la Viol\u00e8ncia vers les Dones), repartiran les bosses i sotagots amb la imatge de la campanya. A m\u00e9s, els establiments adherits -que es podran diferenciar perqu\u00e8 tindran un cartell distintiu i un adhesiu a la porta- adquiriran el comprom\u00eds d&#8217;informar les persones que s&#8217;adrecin a l&#8217;establiment sobre els serveis p\u00fablics d&#8217;atenci\u00f3 i suport a les v\u00edctimes.<\/p>\n\n\n\n<hr class=\"wp-block-separator has-alpha-channel-opacity\"\/>\n\n\n\n<p><strong>CASTELLANO | <\/strong>El pr\u00f3ximo lunes 18 de noviembre, a las 10h, el Centre Municipal de Cultura de La Bisbal del Pened\u00e8s acoger\u00e1 la presentaci\u00f3n de la CAMPANYA POSICIONA&#8217;T contra la violencia machista en el Baix Pened\u00e8s.<\/p>\n\n\n\n<p>Se trata de una iniciativa que busca la implicaci\u00f3n y la responsabilidad del conjunto de la sociedad en la lucha contra la violencia hacia las mujeres. Tambi\u00e9n pretende concienciar de que el silencio o la voz del entorno pueden marcar la diferencia en situaciones de violencia machista.<\/p>\n\n\n\n<p>La campa\u00f1a se organiza desde el Consell Comarcal del Baix Pened\u00e8s con la colaboraci\u00f3n de los ayuntamientos de la comarca y contar\u00e1 con la participaci\u00f3n de los comercios de La Bisbal, que, durante la semana del 25N (D\u00eda Internacional para la Erradicaci\u00f3n de la Violencia contra la Mujer), repartir\u00e1n las bolsas y posavasos con la imagen de la campa\u00f1a. Adem\u00e1s, los establecimientos adheridos -que se podr\u00e1n diferenciar porque tendr\u00e1n un cartel distintivo y un adhesivo en la puerta- adquirir\u00e1n el compromiso de informar a las personas que se acerquen al establecimiento sobre los servicios p\u00fablicos de atenci\u00f3n y apoyo a las v\u00edctimas.<\/p>\n\n\n\n<p><\/p>\n","protected":false},"excerpt":{"rendered":"<p>El proper dilluns 18 de novembre, a les 10h, el Centre Municipal de Cultura de la Bisbal del Pened\u00e8s acollir\u00e0 la presentaci\u00f3 de la CAMPANYA POSICIONA&#8217;T contra la viol\u00e8ncia masclista &hellip; <a href=\"https:\/\/bisbalpenedes.com\/web\/2024\/11\/13\/presentacio-de-la-campanya-posicionat-contra-la-violencia-masclista-al-baix-penedes\/\" class=\"more-link\">Read More<\/a><\/p>\n","protected":false},"author":4,"featured_media":32241,"comment_status":"closed","ping_status":"closed","sticky":false,"template":"","format":"standard","meta":[],"categories":[3860,6120,8],"tags":[4224,641,419,1056,6906,6124,3445,393,6905],"_links":{"self":[{"href":"https:\/\/bisbalpenedes.com\/web\/wp-json\/wp\/v2\/posts\/32240"}],"collection":[{"href":"https:\/\/bisbalpenedes.com\/web\/wp-json\/wp\/v2\/posts"}],"about":[{"href":"https:\/\/bisbalpenedes.com\/web\/wp-json\/wp\/v2\/types\/post"}],"author":[{"embeddable":true,"href":"https:\/\/bisbalpenedes.com\/web\/wp-json\/wp\/v2\/users\/4"}],"replies":[{"embeddable":true,"href":"https:\/\/bisbalpenedes.com\/web\/wp-json\/wp\/v2\/comments?post=32240"}],"version-history":[{"count":1,"href":"https:\/\/bisbalpenedes.com\/web\/wp-json\/wp\/v2\/posts\/32240\/revisions"}],"predecessor-version":[{"id":32242,"href":"https:\/\/bisbalpenedes.com\/web\/wp-json\/wp\/v2\/posts\/32240\/revisions\/32242"}],"wp:featuredmedia":[{"embeddable":true,"href":"https:\/\/bisbalpenedes.com\/web\/wp-json\/wp\/v2\/media\/32241"}],"wp:attachment":[{"href":"https:\/\/bisbalpenedes.com\/web\/wp-json\/wp\/v2\/media?parent=32240"}],"wp:term":[{"taxonomy":"category","embeddable":true,"href":"https:\/\/bisbalpenedes.com\/web\/wp-json\/wp\/v2\/categories?post=32240"},{"taxonomy":"post_tag","embeddable":true,"href":"https:\/\/bisbalpenedes.com\/web\/wp-json\/wp\/v2\/tags?post=32240"}],"curies":[{"name":"wp","href":"https:\/\/api.w.org\/{rel}","templated":true}]}}