{"id":32236,"date":"2024-11-20T00:01:00","date_gmt":"2024-11-19T22:01:00","guid":{"rendered":"https:\/\/bisbalpenedes.com\/web\/?p=32236"},"modified":"2024-11-12T20:48:28","modified_gmt":"2024-11-12T18:48:28","slug":"dia-mundial-de-la-infantesa-lajuntament-silluminara-de-color-blau-aquest-vespre","status":"publish","type":"post","link":"https:\/\/bisbalpenedes.com\/web\/2024\/11\/20\/dia-mundial-de-la-infantesa-lajuntament-silluminara-de-color-blau-aquest-vespre\/","title":{"rendered":"Dia mundial de la infantesa &#8211; L&#8217;Ajuntament s&#8217;il\u00b7luminar\u00e0 de color blau aquest vespre"},"content":{"rendered":"\n<p>L\u2019Ajuntament de La Bisbal del Pened\u00e8s s\u2019il\u00b7luminar\u00e0 de color blau avui dimecres 20 de novembre al vespre, amb motiu del Dia Universal del Nen (o de la Infantesa o de l\u2019infant), dedicat a tots els infants del m\u00f3n. Es tracta d\u2019una jornada que es commemora per donar un impuls i crear consci\u00e8ncia sobre el benestar i els drets dels infants de tot el m\u00f3n -que inclouen la salut, l\u2019educaci\u00f3, la protecci\u00f3 i la millora de la qualitat de vida- i se celebra el 20 de novembre perqu\u00e8 aquesta va ser la data en qu\u00e8 es va aprovar la Declaraci\u00f3 dels Drets del Nen (1959) i la Convenci\u00f3 sobre els Drets del Nen (1989).<\/p>\n\n\n\n<p>Per a m\u00e9s informaci\u00f3 podeu accedir a l\u2019enlla\u00e7:<\/p>\n\n\n\n<p><a href=\"https:\/\/treball.gencat.cat\/ca\/detalls\/article\/Noticia_0006\">https:\/\/treball.gencat.cat\/ca\/detalls\/article\/Noticia_0006<\/a><\/p>\n\n\n\n<hr class=\"wp-block-separator has-alpha-channel-opacity\"\/>\n\n\n\n<p>El Ajuntament de La Bisbal del Pened\u00e8s se iluminar\u00e1 de color azul hoy mi\u00e9rcoles 20 de noviembre, al anochecer, con motivo del D\u00eda Universal del Ni\u00f1o (o de la infancia), dedicado a todos los ni\u00f1os del mundo. Se trata de una jornada que se conmemora para dar un impulso y crear consciencia sobre el bienestar y los derechos de los ni\u00f1os de todo el mundo \u2013 que incluyen la salud, la educaci\u00f3n, la protecci\u00f3n y la mejora de la calidad de vida- y se celebra el 20 de noviembre porque esta fue la fecha en la que se aprob\u00f3 la Declaraci\u00f3n de los Derechos del Ni\u00f1o (1959) y la Convenci\u00f3n sobre los Derechos del Ni\u00f1o (1989).<\/p>\n\n\n\n<p>Para m\u00e1s informaci\u00f3n acceded al enlace: <a href=\"https:\/\/treball.gencat.cat\/ca\/detalls\/article\/Noticia_0006\" target=\"_blank\" rel=\"noreferrer noopener\">https:\/\/treball.gencat.cat\/ca\/detalls\/article\/Noticia_0006<\/a><\/p>\n","protected":false},"excerpt":{"rendered":"<p>L\u2019Ajuntament de La Bisbal del Pened\u00e8s s\u2019il\u00b7luminar\u00e0 de color blau avui dimecres 20 de novembre al vespre, amb motiu del Dia Universal del Nen (o de la Infantesa o de &hellip; <a href=\"https:\/\/bisbalpenedes.com\/web\/2024\/11\/20\/dia-mundial-de-la-infantesa-lajuntament-silluminara-de-color-blau-aquest-vespre\/\" class=\"more-link\">Read More<\/a><\/p>\n","protected":false},"author":4,"featured_media":32237,"comment_status":"closed","ping_status":"closed","sticky":false,"template":"","format":"standard","meta":[],"categories":[2402,8],"tags":[6904,4894],"_links":{"self":[{"href":"https:\/\/bisbalpenedes.com\/web\/wp-json\/wp\/v2\/posts\/32236"}],"collection":[{"href":"https:\/\/bisbalpenedes.com\/web\/wp-json\/wp\/v2\/posts"}],"about":[{"href":"https:\/\/bisbalpenedes.com\/web\/wp-json\/wp\/v2\/types\/post"}],"author":[{"embeddable":true,"href":"https:\/\/bisbalpenedes.com\/web\/wp-json\/wp\/v2\/users\/4"}],"replies":[{"embeddable":true,"href":"https:\/\/bisbalpenedes.com\/web\/wp-json\/wp\/v2\/comments?post=32236"}],"version-history":[{"count":1,"href":"https:\/\/bisbalpenedes.com\/web\/wp-json\/wp\/v2\/posts\/32236\/revisions"}],"predecessor-version":[{"id":32238,"href":"https:\/\/bisbalpenedes.com\/web\/wp-json\/wp\/v2\/posts\/32236\/revisions\/32238"}],"wp:featuredmedia":[{"embeddable":true,"href":"https:\/\/bisbalpenedes.com\/web\/wp-json\/wp\/v2\/media\/32237"}],"wp:attachment":[{"href":"https:\/\/bisbalpenedes.com\/web\/wp-json\/wp\/v2\/media?parent=32236"}],"wp:term":[{"taxonomy":"category","embeddable":true,"href":"https:\/\/bisbalpenedes.com\/web\/wp-json\/wp\/v2\/categories?post=32236"},{"taxonomy":"post_tag","embeddable":true,"href":"https:\/\/bisbalpenedes.com\/web\/wp-json\/wp\/v2\/tags?post=32236"}],"curies":[{"name":"wp","href":"https:\/\/api.w.org\/{rel}","templated":true}]}}