{"id":32232,"date":"2024-11-17T00:01:00","date_gmt":"2024-11-16T22:01:00","guid":{"rendered":"https:\/\/bisbalpenedes.com\/web\/?p=32232"},"modified":"2024-11-12T20:34:19","modified_gmt":"2024-11-12T18:34:19","slug":"avui-diumenge-es-el-dia-mundial-de-la-prematuritat-lajuntament-silluminara-de-color-lila","status":"publish","type":"post","link":"https:\/\/bisbalpenedes.com\/web\/2024\/11\/17\/avui-diumenge-es-el-dia-mundial-de-la-prematuritat-lajuntament-silluminara-de-color-lila\/","title":{"rendered":"Avui diumenge \u00e9s el Dia Mundial de la Prematuritat &#8211; L&#8217;Ajuntament s&#8217;il\u00b7luminar\u00e0 de color lila"},"content":{"rendered":"\n<p>L&#8217;Ajuntament de La Bisbal del Pened\u00e8s s&#8217;il\u00b7luminar\u00e0 de color lila avui diumenge al vespre amb motiu del Dia Mundial de la prematuritat i a favor de mantenir els pares i els nadons prematurs junts.<\/p>\n\n\n\n<p>Per a m\u00e9s informaci\u00f3 podeu consultar el web de l&#8217;Associaci\u00f3 de Prematurs de Catalunya &#8220;Som Prematurs&#8221;, l&#8217;entitat que es va crear el 2015 per acompanyar i donar resposta a les necessitats de les mares i els pares de nadons prematurs: <a href=\"https:\/\/panel.eagora.app\/comunicados\/www.somprematurs.cat\" target=\"_blank\" rel=\"noreferrer noopener\">www.somprematurs.cat<\/a><\/p>\n\n\n\n<hr class=\"wp-block-separator has-alpha-channel-opacity\"\/>\n\n\n\n<p>El Ajuntament de La Bisbal del Pened\u00e8s se iluminar\u00e1 de color lila hoy domingo al anochecer con motivo del D\u00eda Mundial de la prematuridad y a favor de mantener a los padres y los beb\u00e9s prematuros juntos.<\/p>\n\n\n\n<p>Para m\u00e1s informaci\u00f3n pod\u00e9is consultar la web de la Associaci\u00f3 de Prematurs de Catalunya &#8220;Som Prematurs&#8221;, la entidad que se cre\u00f3 en el 2015 para acompa\u00f1ar y dar respuesta a las necesidades de las madres y los padres de beb\u00e9s prematuros: <a href=\"https:\/\/panel.eagora.app\/comunicados\/www.somprematurs.cat\" target=\"_blank\" rel=\"noreferrer noopener\">www.somprematurs.cat<\/a><\/p>\n","protected":false},"excerpt":{"rendered":"<p>L&#8217;Ajuntament de La Bisbal del Pened\u00e8s s&#8217;il\u00b7luminar\u00e0 de color lila avui diumenge al vespre amb motiu del Dia Mundial de la prematuritat i a favor de mantenir els pares i &hellip; <a href=\"https:\/\/bisbalpenedes.com\/web\/2024\/11\/17\/avui-diumenge-es-el-dia-mundial-de-la-prematuritat-lajuntament-silluminara-de-color-lila\/\" class=\"more-link\">Read More<\/a><\/p>\n","protected":false},"author":4,"featured_media":32234,"comment_status":"closed","ping_status":"closed","sticky":false,"template":"","format":"standard","meta":[],"categories":[8,14],"tags":[216,459,5548,5019,393,6902,6903],"_links":{"self":[{"href":"https:\/\/bisbalpenedes.com\/web\/wp-json\/wp\/v2\/posts\/32232"}],"collection":[{"href":"https:\/\/bisbalpenedes.com\/web\/wp-json\/wp\/v2\/posts"}],"about":[{"href":"https:\/\/bisbalpenedes.com\/web\/wp-json\/wp\/v2\/types\/post"}],"author":[{"embeddable":true,"href":"https:\/\/bisbalpenedes.com\/web\/wp-json\/wp\/v2\/users\/4"}],"replies":[{"embeddable":true,"href":"https:\/\/bisbalpenedes.com\/web\/wp-json\/wp\/v2\/comments?post=32232"}],"version-history":[{"count":1,"href":"https:\/\/bisbalpenedes.com\/web\/wp-json\/wp\/v2\/posts\/32232\/revisions"}],"predecessor-version":[{"id":32233,"href":"https:\/\/bisbalpenedes.com\/web\/wp-json\/wp\/v2\/posts\/32232\/revisions\/32233"}],"wp:featuredmedia":[{"embeddable":true,"href":"https:\/\/bisbalpenedes.com\/web\/wp-json\/wp\/v2\/media\/32234"}],"wp:attachment":[{"href":"https:\/\/bisbalpenedes.com\/web\/wp-json\/wp\/v2\/media?parent=32232"}],"wp:term":[{"taxonomy":"category","embeddable":true,"href":"https:\/\/bisbalpenedes.com\/web\/wp-json\/wp\/v2\/categories?post=32232"},{"taxonomy":"post_tag","embeddable":true,"href":"https:\/\/bisbalpenedes.com\/web\/wp-json\/wp\/v2\/tags?post=32232"}],"curies":[{"name":"wp","href":"https:\/\/api.w.org\/{rel}","templated":true}]}}