{"id":32217,"date":"2024-11-12T11:39:13","date_gmt":"2024-11-12T09:39:13","guid":{"rendered":"https:\/\/bisbalpenedes.com\/web\/?p=32217"},"modified":"2024-11-12T11:39:24","modified_gmt":"2024-11-12T09:39:24","slug":"la-societat-i-lajuntament-de-la-bisbal-del-penedes-signen-un-conveni-per-a-lany-2024","status":"publish","type":"post","link":"https:\/\/bisbalpenedes.com\/web\/2024\/11\/12\/la-societat-i-lajuntament-de-la-bisbal-del-penedes-signen-un-conveni-per-a-lany-2024\/","title":{"rendered":"La Societat i l\u2019Ajuntament de la Bisbal del Pened\u00e8s signen un conveni per a l\u2019any 2024"},"content":{"rendered":"\n<p>La Junta de govern del 28 d\u2019octubre va aprovar, a petici\u00f3 de la Regidoria de Cultura, un conveni amb la Societat Cultural i Recreativa Bisbalenca per a l\u2019any 2024. Mitjan\u00e7ant aquest conveni, l\u2019Ajuntament de la Bisbal del Pened\u00e8s col\u00b7labora amb 12.000\u20ac en el finan\u00e7ament de les despeses derivades de l\u2019organitzaci\u00f3 i participaci\u00f3 en diverses activitats de l\u2019any 2024 que promouen la cultura, les festes populars, l\u2019associacionisme, la conviv\u00e8ncia i la cohesi\u00f3 social a trav\u00e9s de les seccions de l\u2019entitat: escacs, teatre i grup de geganters, grallers i tabalers.<\/p>\n\n\n\n<p>Concretament, l\u2019ajuntament col\u00b7labora en el finan\u00e7ament de les seg\u00fcents activitats:<\/p>\n\n\n\n<ul><li>Organitzaci\u00f3 de la Festa Major d\u2019hivern i de la Festa Major Xica d\u2019estiu, al local de l\u2019entitat i pels carrers de la vila.<\/li><li>Organitzaci\u00f3 del curs de gralla i tambor per als membres del Grup de Geganters i grallers de l\u2019entitat, que t\u00e9 lloc durant els mesos de gener a juny i d\u2019octubre a desembre.<\/li><li>Actuacions del Grup de Geganters i Grallers de l\u2019entitat al municipi durant l\u2019any 2024 amb ocasi\u00f3 de la rebuda de la Flama del Canig\u00f3, les cercaviles de la Festa Major d\u2019estiu i altres participacions en actes organitzats per la Regidoria de Cultura de l\u2019Ajuntament de la Bisbal del Pened\u00e8s.<\/li><li>Organitzaci\u00f3 d\u2019altres activitats i festes durant l\u2019any 2024.<\/li><li>Petit material necessari per a l\u2019organitzaci\u00f3 de les activitats esmentades.<\/li><\/ul>\n\n\n\n<p>L\u2019entitat haur\u00e0 de justificar, com a m\u00e0xim el 31 de gener de 2025, l\u2019aplicaci\u00f3 de la subvenci\u00f3 concedida mitjan\u00e7ant la documentaci\u00f3 que li requereixi l\u2019ajuntament.<\/p>\n\n\n\n<p>La signatura de conveni es va dur a terme el dijous 31 d\u2019octubre al despatx d\u2019alcaldia entre l\u2019alcaldessa i el president de la Societat, Joan Sol\u00e9.<\/p>\n\n\n\n<hr class=\"wp-block-separator has-alpha-channel-opacity\"\/>\n\n\n\n<p><strong>La Societat y el Ajuntament de la Bisbal del Pened\u00e8s firman un convenio para el a\u00f1o 2024<\/strong><\/p>\n\n\n\n<p>La Junta de gobierno del 28 de octubre aprob\u00f3, a petici\u00f3n de la Concejal\u00eda de Cultura, un convenio con la Societat Cultural i Recreativa Bisbalenca para el a\u00f1o 2024. Mediante este convenio, el Ajuntament de la Bisbal del Pened\u00e8s colabora con 12.000\u20ac en la financiaci\u00f3n de los gastos derivados de la organizaci\u00f3n y participaci\u00f3n en distintas actividades del a\u00f1o 2024 que promueven la cultura, las fiestas populares el asociacionismo, la convivencia y la cohesi\u00f3n social a trav\u00e9s de las secciones de la entidad: ajedrez, teatro y grupo de \u201cgeganters, grallers i tabalers\u201d.<\/p>\n\n\n\n<p>Concretamente, el ayuntamiento colabora con la financiaci\u00f3n de las siguientes actividades:<\/p>\n\n\n\n<ul><li>Organizaci\u00f3n de la Festa Major de invierno \u00a0y de la Festa Major Xica de verano, en el local de la entidad y por las calles de la Bisbal.<\/li><li>Organizaci\u00f3n del curso de gralla y tambor para los miembros del Grup de Geganters i grallers de la entidad, que se lleva a cabo durante los meses de enero a junio y de octubre a diciembre.<\/li><li>Actuaciones del Grup de Geganters i Grallers de la entidad en el municipio durante el a\u00f1o 2024 con ocasi\u00f3n de la recepci\u00f3n de la Flama del Canig\u00f3, los pasacalles de la Festa Major de verano y otras participaciones en actos organizados por la Concejal\u00eda de Cultura del Ajuntament de la Bisbal del Pened\u00e8s.<\/li><li>Organizaci\u00f3n de otras actividades y fiestas durante el a\u00f1o 2024.<\/li><li>Peque\u00f1o material necesario para la organizaci\u00f3n de las actividades citadas.<\/li><\/ul>\n\n\n\n<p>La entidad tendr\u00e1 que justificar, como m\u00e1ximo el 31 de enero de 2025, la aplicaci\u00f3n de la subvenci\u00f3n concedida mediante la documentaci\u00f3n que le requiera el ayuntamiento. La firma del convenio se llev\u00f3 a cabo el jueves 31 de octubre en el despacho de alcald\u00eda entre la alcaldesa y el presidente de la Societat, Joan Sol\u00e9.<\/p>\n","protected":false},"excerpt":{"rendered":"<p>La Junta de govern del 28 d\u2019octubre va aprovar, a petici\u00f3 de la Regidoria de Cultura, un conveni amb la Societat Cultural i Recreativa Bisbalenca per a l\u2019any 2024. Mitjan\u00e7ant &hellip; <a href=\"https:\/\/bisbalpenedes.com\/web\/2024\/11\/12\/la-societat-i-lajuntament-de-la-bisbal-del-penedes-signen-un-conveni-per-a-lany-2024\/\" class=\"more-link\">Read More<\/a><\/p>\n","protected":false},"author":4,"featured_media":32218,"comment_status":"closed","ping_status":"closed","sticky":false,"template":"","format":"standard","meta":[],"categories":[13,20,8],"tags":[459,351,393,1374,1245,2776],"_links":{"self":[{"href":"https:\/\/bisbalpenedes.com\/web\/wp-json\/wp\/v2\/posts\/32217"}],"collection":[{"href":"https:\/\/bisbalpenedes.com\/web\/wp-json\/wp\/v2\/posts"}],"about":[{"href":"https:\/\/bisbalpenedes.com\/web\/wp-json\/wp\/v2\/types\/post"}],"author":[{"embeddable":true,"href":"https:\/\/bisbalpenedes.com\/web\/wp-json\/wp\/v2\/users\/4"}],"replies":[{"embeddable":true,"href":"https:\/\/bisbalpenedes.com\/web\/wp-json\/wp\/v2\/comments?post=32217"}],"version-history":[{"count":1,"href":"https:\/\/bisbalpenedes.com\/web\/wp-json\/wp\/v2\/posts\/32217\/revisions"}],"predecessor-version":[{"id":32219,"href":"https:\/\/bisbalpenedes.com\/web\/wp-json\/wp\/v2\/posts\/32217\/revisions\/32219"}],"wp:featuredmedia":[{"embeddable":true,"href":"https:\/\/bisbalpenedes.com\/web\/wp-json\/wp\/v2\/media\/32218"}],"wp:attachment":[{"href":"https:\/\/bisbalpenedes.com\/web\/wp-json\/wp\/v2\/media?parent=32217"}],"wp:term":[{"taxonomy":"category","embeddable":true,"href":"https:\/\/bisbalpenedes.com\/web\/wp-json\/wp\/v2\/categories?post=32217"},{"taxonomy":"post_tag","embeddable":true,"href":"https:\/\/bisbalpenedes.com\/web\/wp-json\/wp\/v2\/tags?post=32217"}],"curies":[{"name":"wp","href":"https:\/\/api.w.org\/{rel}","templated":true}]}}