{"id":32213,"date":"2024-11-12T11:21:57","date_gmt":"2024-11-12T09:21:57","guid":{"rendered":"https:\/\/bisbalpenedes.com\/web\/?p=32213"},"modified":"2024-11-12T11:21:57","modified_gmt":"2024-11-12T09:21:57","slug":"lajuntament-ha-aprovat-un-contracte-amb-lassociacio-de-cors-antistiana-per-a-lorgantizacio-del-cicle-de-concerts-de-tardor","status":"publish","type":"post","link":"https:\/\/bisbalpenedes.com\/web\/2024\/11\/12\/lajuntament-ha-aprovat-un-contracte-amb-lassociacio-de-cors-antistiana-per-a-lorgantizacio-del-cicle-de-concerts-de-tardor\/","title":{"rendered":"<strong>L\u2019Ajuntament ha aprovat un contracte amb l\u2019Associaci\u00f3 de Cors Antistiana per a l\u2019organtizaci\u00f3 del cicle de concerts de tardor<\/strong>"},"content":{"rendered":"\n<p>La Junta de govern del passat dilluns 28 d\u2019octubre va aprovar, a petici\u00f3 de la Regidoria de Cultura, un contracte amb l\u2019Associaci\u00f3 de Cors Antistiana per un import de 4.220\u20ac per a l\u2019organitzaci\u00f3 del cicle de concerts de tardor a l\u2019Esgl\u00e9sia de Santa Maria de la Bisbal del Pened\u00e8s. El primer concert es far\u00e0 aquest diumenge 17 de novembre, a les 18.30h, i el pr\u00f2xim est\u00e0 previst per al 8 de desembre.<\/p>\n\n\n\n<p>Amb aquest contracte l\u2019Ajuntament de la Bisbal del Pened\u00e8s dona suport a la cultura i, en aquest cas concret, a la m\u00fasica i l\u2019orgue de la Bisbal del Pened\u00e8s.<\/p>\n\n\n\n<p><sub>*Imatge d&#8217;arxiu d&#8217;un concert del mar\u00e7 de 2023<\/sub><\/p>\n\n\n\n<hr class=\"wp-block-separator has-alpha-channel-opacity\"\/>\n\n\n\n<p><strong>CASTELLANO |<\/strong>\u00a0La Junta de gobierno del pasado lunes 28 de octubre aprob\u00f3, a petici\u00f3n de la Concejal\u00eda de Cultura, un contrato con la Associaci\u00f3 de Cpors Antistiana por un importe de 4.220\u20ac para la organizaci\u00f3n del ciclo de conciertos de oto\u00f1o en la Esgl\u00e9sia de Santa Maria de la Bisbal del Pened\u00e8s. El primer concierto se har\u00e1 este domingo 17 de noviembre, a las 18:30h, y el pr\u00f3ximo est\u00e1 previsto para el domingo 8 de diciembre.<\/p>\n\n\n\n<p>Con este contrato, el Ajuntament de la Bisbal del Pened\u00e8s apoya la cultura y, en este caso concreto, la m\u00fasica y el \u00f3rgano de la Bisbal del Pened\u00e8s.<\/p>\n","protected":false},"excerpt":{"rendered":"<p>La Junta de govern del passat dilluns 28 d\u2019octubre va aprovar, a petici\u00f3 de la Regidoria de Cultura, un contracte amb l\u2019Associaci\u00f3 de Cors Antistiana per un import de 4.220\u20ac &hellip; <a href=\"https:\/\/bisbalpenedes.com\/web\/2024\/11\/12\/lajuntament-ha-aprovat-un-contracte-amb-lassociacio-de-cors-antistiana-per-a-lorgantizacio-del-cicle-de-concerts-de-tardor\/\" class=\"more-link\">Read More<\/a><\/p>\n","protected":false},"author":4,"featured_media":32214,"comment_status":"closed","ping_status":"closed","sticky":false,"template":"","format":"standard","meta":[],"categories":[13,20,8],"tags":[2455,3419,459,6897,688,393,1243],"_links":{"self":[{"href":"https:\/\/bisbalpenedes.com\/web\/wp-json\/wp\/v2\/posts\/32213"}],"collection":[{"href":"https:\/\/bisbalpenedes.com\/web\/wp-json\/wp\/v2\/posts"}],"about":[{"href":"https:\/\/bisbalpenedes.com\/web\/wp-json\/wp\/v2\/types\/post"}],"author":[{"embeddable":true,"href":"https:\/\/bisbalpenedes.com\/web\/wp-json\/wp\/v2\/users\/4"}],"replies":[{"embeddable":true,"href":"https:\/\/bisbalpenedes.com\/web\/wp-json\/wp\/v2\/comments?post=32213"}],"version-history":[{"count":1,"href":"https:\/\/bisbalpenedes.com\/web\/wp-json\/wp\/v2\/posts\/32213\/revisions"}],"predecessor-version":[{"id":32215,"href":"https:\/\/bisbalpenedes.com\/web\/wp-json\/wp\/v2\/posts\/32213\/revisions\/32215"}],"wp:featuredmedia":[{"embeddable":true,"href":"https:\/\/bisbalpenedes.com\/web\/wp-json\/wp\/v2\/media\/32214"}],"wp:attachment":[{"href":"https:\/\/bisbalpenedes.com\/web\/wp-json\/wp\/v2\/media?parent=32213"}],"wp:term":[{"taxonomy":"category","embeddable":true,"href":"https:\/\/bisbalpenedes.com\/web\/wp-json\/wp\/v2\/categories?post=32213"},{"taxonomy":"post_tag","embeddable":true,"href":"https:\/\/bisbalpenedes.com\/web\/wp-json\/wp\/v2\/tags?post=32213"}],"curies":[{"name":"wp","href":"https:\/\/api.w.org\/{rel}","templated":true}]}}