{"id":32209,"date":"2024-11-12T10:30:24","date_gmt":"2024-11-12T08:30:24","guid":{"rendered":"https:\/\/bisbalpenedes.com\/web\/?p=32209"},"modified":"2024-11-12T10:30:24","modified_gmt":"2024-11-12T08:30:24","slug":"la-nova-tecnica-de-la-llar-dinfants-municipal-loreneta-pren-possessio-del-seu-lloc-de-treball","status":"publish","type":"post","link":"https:\/\/bisbalpenedes.com\/web\/2024\/11\/12\/la-nova-tecnica-de-la-llar-dinfants-municipal-loreneta-pren-possessio-del-seu-lloc-de-treball\/","title":{"rendered":"La nova t\u00e8cnica de la Llar d&#8217;infants municipal l&#8217;Oreneta pren possessi\u00f3 del seu lloc de treball"},"content":{"rendered":"\n<p>El passat dimarts 8 d\u2019octubre va prendre possessi\u00f3 del seu lloc de treball la nova t\u00e8cnica de la Llar d\u2019infants municipal l\u2019Oreneta, la Nazaret Naharro. La treballadora va quedar en primera posici\u00f3 en el proc\u00e9s selectiu per a la provisi\u00f3 d\u2019una pla\u00e7a de t\u00e8cnica d\u2019educaci\u00f3 infantil, en r\u00e8gim laboral fix, per concurs-oposici\u00f3.<\/p>\n\n\n\n<p>L\u2019alcaldessa Agn\u00e8s Ferr\u00e9 i el regidor d\u2019Ensenyament, Daniel Caballero, li van donar la benvinguda.<\/p>\n\n\n\n<hr class=\"wp-block-separator has-alpha-channel-opacity\"\/>\n\n\n\n<p>El pasado martes 8 de octubre tom\u00f3posesi\u00f3n de su puesto de Trabajo la nueva t\u00e9cnica de la Llar d\u2019infants municipal l\u2019Oreneta, Nazaret Naharro. La trabajadora qued\u00f3 en primera posici\u00f3n en el proceso selectivo para la provisi\u00f3n de una plaza de t\u00e9cnica de educaci\u00f3n infantil, en r\u00e9gimen laboral fijo, por concurso-oposici\u00f3n.<\/p>\n\n\n\n<p>La alcaldesa Agn\u00e8s Ferr\u00e9 y el concejal de Educaci\u00f3n, Daniel Caballero, le dieron la bienvenida.<\/p>\n","protected":false},"excerpt":{"rendered":"<p>El passat dimarts 8 d\u2019octubre va prendre possessi\u00f3 del seu lloc de treball la nova t\u00e8cnica de la Llar d\u2019infants municipal l\u2019Oreneta, la Nazaret Naharro. La treballadora va quedar en &hellip; <a href=\"https:\/\/bisbalpenedes.com\/web\/2024\/11\/12\/la-nova-tecnica-de-la-llar-dinfants-municipal-loreneta-pren-possessio-del-seu-lloc-de-treball\/\" class=\"more-link\">Read More<\/a><\/p>\n","protected":false},"author":4,"featured_media":32210,"comment_status":"closed","ping_status":"closed","sticky":false,"template":"","format":"standard","meta":[],"categories":[3456,8],"tags":[],"_links":{"self":[{"href":"https:\/\/bisbalpenedes.com\/web\/wp-json\/wp\/v2\/posts\/32209"}],"collection":[{"href":"https:\/\/bisbalpenedes.com\/web\/wp-json\/wp\/v2\/posts"}],"about":[{"href":"https:\/\/bisbalpenedes.com\/web\/wp-json\/wp\/v2\/types\/post"}],"author":[{"embeddable":true,"href":"https:\/\/bisbalpenedes.com\/web\/wp-json\/wp\/v2\/users\/4"}],"replies":[{"embeddable":true,"href":"https:\/\/bisbalpenedes.com\/web\/wp-json\/wp\/v2\/comments?post=32209"}],"version-history":[{"count":1,"href":"https:\/\/bisbalpenedes.com\/web\/wp-json\/wp\/v2\/posts\/32209\/revisions"}],"predecessor-version":[{"id":32211,"href":"https:\/\/bisbalpenedes.com\/web\/wp-json\/wp\/v2\/posts\/32209\/revisions\/32211"}],"wp:featuredmedia":[{"embeddable":true,"href":"https:\/\/bisbalpenedes.com\/web\/wp-json\/wp\/v2\/media\/32210"}],"wp:attachment":[{"href":"https:\/\/bisbalpenedes.com\/web\/wp-json\/wp\/v2\/media?parent=32209"}],"wp:term":[{"taxonomy":"category","embeddable":true,"href":"https:\/\/bisbalpenedes.com\/web\/wp-json\/wp\/v2\/categories?post=32209"},{"taxonomy":"post_tag","embeddable":true,"href":"https:\/\/bisbalpenedes.com\/web\/wp-json\/wp\/v2\/tags?post=32209"}],"curies":[{"name":"wp","href":"https:\/\/api.w.org\/{rel}","templated":true}]}}