{"id":32195,"date":"2024-11-08T20:18:58","date_gmt":"2024-11-08T18:18:58","guid":{"rendered":"https:\/\/bisbalpenedes.com\/web\/?p=32195"},"modified":"2024-11-08T20:23:07","modified_gmt":"2024-11-08T18:23:07","slug":"lajuntament-de-la-bisbal-del-penedes-es-reafirma-en-el-seu-rebuig-a-la-mat","status":"publish","type":"post","link":"https:\/\/bisbalpenedes.com\/web\/2024\/11\/08\/lajuntament-de-la-bisbal-del-penedes-es-reafirma-en-el-seu-rebuig-a-la-mat\/","title":{"rendered":"L&#8217;Ajuntament de la Bisbal del Pened\u00e8s es reafirma en el seu rebuig a la MAT"},"content":{"rendered":"\n<p>L&#8217;Ajuntament de la Bisbal del Pened\u00e8s mant\u00e9 la seva ferma oposici\u00f3 al projecte de la l\u00ednia de molt alta tensi\u00f3 (MAT) amb un nou Decret d&#8217;alcaldia signat el passat 4 de novembre. El consistori ha tornat a informar negativament les sol\u00b7licituds de modificaci\u00f3 de l&#8217;Autoritzaci\u00f3 administrativa pr\u00e8via i l&#8217;autoritzaci\u00f3 administrativa de construcci\u00f3 del projecte, reiterant les al\u00b7legacions presentades el passat 18 d&#8217;agost.<\/p>\n\n\n\n<p>El projecte, que afecta les prov\u00edncies de Saragossa, Terol, Tarragona i Barcelona, preveu la instal\u00b7laci\u00f3 de 27 torres d&#8217;alta tensi\u00f3 al municipi bisbalenc, amb una pot\u00e8ncia total de 174,7 MW. La infraestructura, promoguda per Energ\u00edas Renovables de Ormonde SL., contempla l&#8217;evacuaci\u00f3 d&#8217;energia fins a la SET Begues 400.<\/p>\n\n\n\n<p>L&#8217;alcaldessa ha sol\u00b7licitat la nul\u00b7litat de la infraestructura de transport prevista per considerar-la contr\u00e0ria al disposat a la llei 24\/2013, de 26 de desembre, del sector El\u00e8ctric. Aquesta decisi\u00f3 s&#8217;emmarca en una lluita constant que el municipi mant\u00e9 des de fa tres anys, quan el juliol de 2021 es va rebre la primera notificaci\u00f3 del projecte.<\/p>\n\n\n\n<p><strong>Tres anys d&#8217;oposici\u00f3 constant<\/strong><\/p>\n\n\n\n<p>Des del 2021, l&#8217;Ajuntament ha mantingut una postura clara contra aquest projecte que suposaria la instal\u00b7laci\u00f3 de torres de fins a 70 metres d&#8217;al\u00e7ada i m\u00e9s de 9.800 metres de l\u00ednia a\u00e8ria al terme municipal. El setembre de 2021, la ciutadania va donar suport a aquesta posici\u00f3 amb m\u00e9s de 450 al\u00b7legacions individuals.<\/p>\n\n\n\n<p>L&#8217;Ajuntament de la Bisbal del Pened\u00e8s no est\u00e0 sol en aquesta lluita. Juntament amb altres municipis catalans afectats, s&#8217;han encarregat diversos informes t\u00e8cnics per refor\u00e7ar l&#8217;oposici\u00f3 a aquestes infraestructures, defensant els interessos mediambientals i socials del territori.<\/p>\n\n\n\n<p>El consistori continuar\u00e0 utilitzant totes les eines administratives i legals al seu abast per protegir els interessos del municipi i el seu entorn natural davant d&#8217;aquest projecte d&#8217;infraestructura energ\u00e8tica de gran envergadura.<\/p>\n\n\n\n<hr class=\"wp-block-separator has-alpha-channel-opacity\"\/>\n\n\n\n<p><strong>CASTELLANO |<\/strong>&nbsp;L&#8217;Ajuntament de la Bisbal del Pened\u00e8s mantiene su firme oposici\u00f3n al proyecto de la l\u00ednea de muy alta tensi\u00f3n (MAT) con un nuevo Decreto de alcald\u00eda firmado el pasado 4 de noviembre. El consistorio ha vuelto a informar negativamente las solicitudes de modificaci\u00f3n de la Autorizaci\u00f3n administrativa previa y la autorizaci\u00f3n administrativa de construcci\u00f3n del proyecto, reiterando las alegaciones presentadas el pasado 18 de agosto.<\/p>\n\n\n\n<p>El proyecto, que afecta a las provincias de Zaragoza, Teruel, Tarragona y Barcelona, prev\u00e9 la instalaci\u00f3n de 27 torres de alta tensi\u00f3n en el municipio de la Bisbal, con una potencia total de 174,7 MW. La infraestructura, promovida por Energ\u00edas Renovables de Ormonde SL., contempla la evacuaci\u00f3n de energ\u00eda hasta la SET Begues 400.<\/p>\n\n\n\n<p>La alcaldesa ha solicitado la nulidad de la infraestructura de transporte prevista por considerarla contraria a lo dispuesto en la ley 24\/2013, de 26 de diciembre, del Sector El\u00e9ctrico. Esta decisi\u00f3n se enmarca en una lucha constante que el municipio mantiene desde hace tres a\u00f1os, cuando en julio de 2021 se recibi\u00f3 la primera notificaci\u00f3n del proyecto.<\/p>\n\n\n\n<p><strong>Tres a\u00f1os de oposici\u00f3n constante<\/strong><\/p>\n\n\n\n<p>Desde 2021, el Ajuntament de la Bisbal del Pened\u00e8s ha mantenido una postura clara contra este proyecto que supondr\u00eda la instalaci\u00f3n de torres de hasta 70 metros de altura y m\u00e1s de 9.800 metros de l\u00ednea a\u00e9rea en el t\u00e9rmino municipal. En septiembre de 2021, la ciudadan\u00eda apoy\u00f3 esta posici\u00f3n con m\u00e1s de 450 alegaciones individuales.<\/p>\n\n\n\n<p>El Ajuntament de la Bisbal del Pened\u00e8s no est\u00e1 solo en esta lucha. Junto con otros municipios catalanes afectados, se han encargado varios informes t\u00e9cnicos para reforzar la oposici\u00f3n a estas infraestructuras, defendiendo los intereses medioambientales y sociales del territorio.<\/p>\n\n\n\n<p>El consistorio continuar\u00e1 utilizando todas las herramientas administrativas y legales a su alcance para proteger los intereses del municipio y su entorno natural ante este proyecto de infraestructura energ\u00e9tica de gran envergadura.<\/p>\n","protected":false},"excerpt":{"rendered":"<p>L&#8217;Ajuntament de la Bisbal del Pened\u00e8s mant\u00e9 la seva ferma oposici\u00f3 al projecte de la l\u00ednia de molt alta tensi\u00f3 (MAT) amb un nou Decret d&#8217;alcaldia signat el passat 4 &hellip; <a href=\"https:\/\/bisbalpenedes.com\/web\/2024\/11\/08\/lajuntament-de-la-bisbal-del-penedes-es-reafirma-en-el-seu-rebuig-a-la-mat\/\" class=\"more-link\">Read More<\/a><\/p>\n","protected":false},"author":4,"featured_media":31405,"comment_status":"closed","ping_status":"closed","sticky":false,"template":"","format":"standard","meta":[],"categories":[2057,8],"tags":[459,393,4761],"_links":{"self":[{"href":"https:\/\/bisbalpenedes.com\/web\/wp-json\/wp\/v2\/posts\/32195"}],"collection":[{"href":"https:\/\/bisbalpenedes.com\/web\/wp-json\/wp\/v2\/posts"}],"about":[{"href":"https:\/\/bisbalpenedes.com\/web\/wp-json\/wp\/v2\/types\/post"}],"author":[{"embeddable":true,"href":"https:\/\/bisbalpenedes.com\/web\/wp-json\/wp\/v2\/users\/4"}],"replies":[{"embeddable":true,"href":"https:\/\/bisbalpenedes.com\/web\/wp-json\/wp\/v2\/comments?post=32195"}],"version-history":[{"count":2,"href":"https:\/\/bisbalpenedes.com\/web\/wp-json\/wp\/v2\/posts\/32195\/revisions"}],"predecessor-version":[{"id":32198,"href":"https:\/\/bisbalpenedes.com\/web\/wp-json\/wp\/v2\/posts\/32195\/revisions\/32198"}],"wp:featuredmedia":[{"embeddable":true,"href":"https:\/\/bisbalpenedes.com\/web\/wp-json\/wp\/v2\/media\/31405"}],"wp:attachment":[{"href":"https:\/\/bisbalpenedes.com\/web\/wp-json\/wp\/v2\/media?parent=32195"}],"wp:term":[{"taxonomy":"category","embeddable":true,"href":"https:\/\/bisbalpenedes.com\/web\/wp-json\/wp\/v2\/categories?post=32195"},{"taxonomy":"post_tag","embeddable":true,"href":"https:\/\/bisbalpenedes.com\/web\/wp-json\/wp\/v2\/tags?post=32195"}],"curies":[{"name":"wp","href":"https:\/\/api.w.org\/{rel}","templated":true}]}}