{"id":32174,"date":"2024-11-05T10:45:55","date_gmt":"2024-11-05T08:45:55","guid":{"rendered":"https:\/\/bisbalpenedes.com\/web\/?p=32174"},"modified":"2024-11-05T10:45:55","modified_gmt":"2024-11-05T08:45:55","slug":"el-proxim-dijous-7-de-novembre-se-celebrara-el-ple-extraordinari-de-pressupostos","status":"publish","type":"post","link":"https:\/\/bisbalpenedes.com\/web\/2024\/11\/05\/el-proxim-dijous-7-de-novembre-se-celebrara-el-ple-extraordinari-de-pressupostos\/","title":{"rendered":"El pr\u00f2xim dijous 7 de novembre se celebrar\u00e0 el Ple extraordinari de pressupostos"},"content":{"rendered":"\n<p>El pr\u00f2xim dijous 7 de novembre, a les 9h, se celebrar\u00e0 el Ple extraordinari de pressupostos a l&#8217;Ajuntament de la Bisbal del Pened\u00e8s. Est\u00e0 previst que a l&#8217;inici del Ple es faci un minut de silenci en mostra de condol per les v\u00edctimes de la DANA i per solidaritat amb les persones afectades pels greus aiguats d&#8217;aquests darrers dies.<\/p>\n\n\n\n<p>L&#8217;ordre del dia cont\u00e9 els punts seg\u00fcents:<\/p>\n\n\n\n<p><span style=\"text-decoration: underline;\">Punt 1.-<\/span>Pressupostos exercici 2025<\/p>\n\n\n\n<p><span style=\"text-decoration: underline;\">Punt 2.-<\/span>Modificaci\u00f3 de l&#8217;ordenan\u00e7a fiscal del preu p\u00fablic per al Casal<\/p>\n\n\n\n<p><span style=\"text-decoration: underline;\">Punt 3.-<\/span>Modificaci\u00f3 de l&#8217;ordenan\u00e7a fiscal del preu p\u00fablic de la piscina municipal<\/p>\n\n\n\n<p><span style=\"text-decoration: underline;\">Punt 4.-<\/span>Modificaci\u00f3 de la taxa de la gesti\u00f3 de residus dom\u00e8stics i comercials<\/p>\n\n\n\n<p><span style=\"text-decoration: underline;\">Punt 5.-<\/span>Creaci\u00f3 de l&#8217;ordenan\u00e7a fiscal del preu p\u00fablic del servei de menjar saludable a domicili per a la gent gran<\/p>\n\n\n\n<p><span style=\"text-decoration: underline;\">Punt 6.-<\/span>Modificaci\u00f3 de l&#8217;ordenan\u00e7a fiscal de la taxa per a la retirada de vehicles de la via p\u00fablica<\/p>\n\n\n\n<hr class=\"wp-block-separator has-alpha-channel-opacity\"\/>\n\n\n\n<p><strong>CASTELLANO | <\/strong>El pr\u00f3ximo jueves 7 de noviembre, a las 9h, se celebrar\u00e1 el Pleno extraordinario de presupuestos en el Ayuntamiento de La Bisbal del Pened\u00e8s. Est\u00e1 previsto que al inicio del Pleno se haga un minuto de silencio en se\u00f1al de duelo por las v\u00edctimas de la DANA y en solidaridad con las personas afectadas por las graves inundaciones de estos \u00faltimos d\u00edas.<\/p>\n\n\n\n<p>El orden del d\u00eda contiene los siguientes puntos:<\/p>\n\n\n\n<p><span style=\"text-decoration: underline;\">Punto 1.-<\/span>Presupuestos ejercicio 2025<\/p>\n\n\n\n<p><span style=\"text-decoration: underline;\">Punto 2.-<\/span>Modificaci\u00f3n de la ordenanza fiscal del precio p\u00fablico para el Casal<\/p>\n\n\n\n<p><span style=\"text-decoration: underline;\">Punto 3.-<\/span>Modificaci\u00f3n de la ordenanza fiscal del precio p\u00fablico de la piscina municipal<\/p>\n\n\n\n<p><span style=\"text-decoration: underline;\">Punto 4.-<\/span>Modificaci\u00f3n de la tasa de la gesti\u00f3n de residuos dom\u00e9sticos y comerciales<\/p>\n\n\n\n<p><span style=\"text-decoration: underline;\">Punto 5.-<\/span>Creaci\u00f3n de la ordenanza fiscal del precio p\u00fablico del servicio de comida saludable a domicilio para personas mayores<\/p>\n\n\n\n<p><span style=\"text-decoration: underline;\">Punto 6.-<\/span>Modificaci\u00f3n de la ordenanza fiscal de la tasa para la retirada de veh\u00edculos de la v\u00eda p\u00fablica<\/p>\n","protected":false},"excerpt":{"rendered":"<p>El pr\u00f2xim dijous 7 de novembre, a les 9h, se celebrar\u00e0 el Ple extraordinari de pressupostos a l&#8217;Ajuntament de la Bisbal del Pened\u00e8s. Est\u00e0 previst que a l&#8217;inici del Ple &hellip; <a href=\"https:\/\/bisbalpenedes.com\/web\/2024\/11\/05\/el-proxim-dijous-7-de-novembre-se-celebrara-el-ple-extraordinari-de-pressupostos\/\" class=\"more-link\">Read More<\/a><\/p>\n","protected":false},"author":4,"featured_media":20647,"comment_status":"closed","ping_status":"closed","sticky":false,"template":"","format":"standard","meta":[],"categories":[8],"tags":[459,393,423,6329,522],"_links":{"self":[{"href":"https:\/\/bisbalpenedes.com\/web\/wp-json\/wp\/v2\/posts\/32174"}],"collection":[{"href":"https:\/\/bisbalpenedes.com\/web\/wp-json\/wp\/v2\/posts"}],"about":[{"href":"https:\/\/bisbalpenedes.com\/web\/wp-json\/wp\/v2\/types\/post"}],"author":[{"embeddable":true,"href":"https:\/\/bisbalpenedes.com\/web\/wp-json\/wp\/v2\/users\/4"}],"replies":[{"embeddable":true,"href":"https:\/\/bisbalpenedes.com\/web\/wp-json\/wp\/v2\/comments?post=32174"}],"version-history":[{"count":1,"href":"https:\/\/bisbalpenedes.com\/web\/wp-json\/wp\/v2\/posts\/32174\/revisions"}],"predecessor-version":[{"id":32175,"href":"https:\/\/bisbalpenedes.com\/web\/wp-json\/wp\/v2\/posts\/32174\/revisions\/32175"}],"wp:featuredmedia":[{"embeddable":true,"href":"https:\/\/bisbalpenedes.com\/web\/wp-json\/wp\/v2\/media\/20647"}],"wp:attachment":[{"href":"https:\/\/bisbalpenedes.com\/web\/wp-json\/wp\/v2\/media?parent=32174"}],"wp:term":[{"taxonomy":"category","embeddable":true,"href":"https:\/\/bisbalpenedes.com\/web\/wp-json\/wp\/v2\/categories?post=32174"},{"taxonomy":"post_tag","embeddable":true,"href":"https:\/\/bisbalpenedes.com\/web\/wp-json\/wp\/v2\/tags?post=32174"}],"curies":[{"name":"wp","href":"https:\/\/api.w.org\/{rel}","templated":true}]}}