{"id":32163,"date":"2024-11-03T21:38:35","date_gmt":"2024-11-03T19:38:35","guid":{"rendered":"https:\/\/bisbalpenedes.com\/web\/?p=32163"},"modified":"2024-11-03T21:48:18","modified_gmt":"2024-11-03T19:48:18","slug":"se-suspen-tota-atencio-de-salut-programada-no-urgent-a-les-comarques-afectades-per-lavis-de-pluges-intenses","status":"publish","type":"post","link":"https:\/\/bisbalpenedes.com\/web\/2024\/11\/03\/se-suspen-tota-atencio-de-salut-programada-no-urgent-a-les-comarques-afectades-per-lavis-de-pluges-intenses\/","title":{"rendered":"Se susp\u00e8n tota atenci\u00f3 de salut programada NO URGENT a les comarques afectades per l&#8217;av\u00eds de pluges intenses"},"content":{"rendered":"\n<p>Comunicat del Departament de Salut sobre la suspensi\u00f3 de l\u2019atenci\u00f3 programada no urgent a les a les comarques del Montsi\u00e0, Baix Ebre, Terra Alta, Ribera d\u2019Ebre, Tarragon\u00e8s, Priorat, Baix Camp, Alt Camp i Baix Pened\u00e8s, entre les 00 hores i les 14 hores de dilluns 4 de novembre<\/p>\n\n\n\n<figure class=\"wp-block-image size-large\"><img loading=\"lazy\" width=\"1024\" height=\"667\" src=\"https:\/\/bisbalpenedes.com\/web\/wp-content\/uploads\/2024\/11\/Captura-de-pantalla-2024-11-03-a-les-20.32.08-1024x667.png\" alt=\"\" class=\"wp-image-32165\" srcset=\"https:\/\/bisbalpenedes.com\/web\/wp-content\/uploads\/2024\/11\/Captura-de-pantalla-2024-11-03-a-les-20.32.08-1024x667.png 1024w, https:\/\/bisbalpenedes.com\/web\/wp-content\/uploads\/2024\/11\/Captura-de-pantalla-2024-11-03-a-les-20.32.08-300x195.png 300w, https:\/\/bisbalpenedes.com\/web\/wp-content\/uploads\/2024\/11\/Captura-de-pantalla-2024-11-03-a-les-20.32.08-768x500.png 768w, https:\/\/bisbalpenedes.com\/web\/wp-content\/uploads\/2024\/11\/Captura-de-pantalla-2024-11-03-a-les-20.32.08-1536x1000.png 1536w, https:\/\/bisbalpenedes.com\/web\/wp-content\/uploads\/2024\/11\/Captura-de-pantalla-2024-11-03-a-les-20.32.08-600x391.png 600w, https:\/\/bisbalpenedes.com\/web\/wp-content\/uploads\/2024\/11\/Captura-de-pantalla-2024-11-03-a-les-20.32.08.png 1920w\" sizes=\"(max-width: 1024px) 100vw, 1024px\" \/><\/figure>\n\n\n\n<figure class=\"wp-block-image size-full\"><img loading=\"lazy\" width=\"1928\" height=\"1320\" src=\"https:\/\/bisbalpenedes.com\/web\/wp-content\/uploads\/2024\/11\/Captura-de-pantalla-2024-11-03-a-les-20.32.41.png\" alt=\"\" class=\"wp-image-32164\" srcset=\"https:\/\/bisbalpenedes.com\/web\/wp-content\/uploads\/2024\/11\/Captura-de-pantalla-2024-11-03-a-les-20.32.41.png 1928w, https:\/\/bisbalpenedes.com\/web\/wp-content\/uploads\/2024\/11\/Captura-de-pantalla-2024-11-03-a-les-20.32.41-300x205.png 300w, https:\/\/bisbalpenedes.com\/web\/wp-content\/uploads\/2024\/11\/Captura-de-pantalla-2024-11-03-a-les-20.32.41-1024x701.png 1024w, https:\/\/bisbalpenedes.com\/web\/wp-content\/uploads\/2024\/11\/Captura-de-pantalla-2024-11-03-a-les-20.32.41-768x526.png 768w, https:\/\/bisbalpenedes.com\/web\/wp-content\/uploads\/2024\/11\/Captura-de-pantalla-2024-11-03-a-les-20.32.41-1536x1052.png 1536w, https:\/\/bisbalpenedes.com\/web\/wp-content\/uploads\/2024\/11\/Captura-de-pantalla-2024-11-03-a-les-20.32.41-600x411.png 600w\" sizes=\"(max-width: 1928px) 100vw, 1928px\" \/><\/figure>\n\n\n\n<p>M\u00e9s informaci\u00f3: <a href=\"https:\/\/salutweb.gencat.cat\/ca\/detalls\/Noticies\/comunicat-suspensio-atencio-programada-no-urgent\" target=\"_blank\" rel=\"noreferrer noopener\">https:\/\/salutweb.gencat.cat\/ca\/detalls\/Noticies\/comunicat-suspensio-atencio-programada-no-urgent<\/a><\/p>\n","protected":false},"excerpt":{"rendered":"<p>Comunicat del Departament de Salut sobre la suspensi\u00f3 de l\u2019atenci\u00f3 programada no urgent a les a les comarques del Montsi\u00e0, Baix Ebre, Terra Alta, Ribera d\u2019Ebre, Tarragon\u00e8s, Priorat, Baix Camp, &hellip; <a href=\"https:\/\/bisbalpenedes.com\/web\/2024\/11\/03\/se-suspen-tota-atencio-de-salut-programada-no-urgent-a-les-comarques-afectades-per-lavis-de-pluges-intenses\/\" class=\"more-link\">Read More<\/a><\/p>\n","protected":false},"author":4,"featured_media":32166,"comment_status":"closed","ping_status":"closed","sticky":false,"template":"","format":"standard","meta":[],"categories":[8],"tags":[6892,459,3996,2579,393,6890,145],"_links":{"self":[{"href":"https:\/\/bisbalpenedes.com\/web\/wp-json\/wp\/v2\/posts\/32163"}],"collection":[{"href":"https:\/\/bisbalpenedes.com\/web\/wp-json\/wp\/v2\/posts"}],"about":[{"href":"https:\/\/bisbalpenedes.com\/web\/wp-json\/wp\/v2\/types\/post"}],"author":[{"embeddable":true,"href":"https:\/\/bisbalpenedes.com\/web\/wp-json\/wp\/v2\/users\/4"}],"replies":[{"embeddable":true,"href":"https:\/\/bisbalpenedes.com\/web\/wp-json\/wp\/v2\/comments?post=32163"}],"version-history":[{"count":4,"href":"https:\/\/bisbalpenedes.com\/web\/wp-json\/wp\/v2\/posts\/32163\/revisions"}],"predecessor-version":[{"id":32170,"href":"https:\/\/bisbalpenedes.com\/web\/wp-json\/wp\/v2\/posts\/32163\/revisions\/32170"}],"wp:featuredmedia":[{"embeddable":true,"href":"https:\/\/bisbalpenedes.com\/web\/wp-json\/wp\/v2\/media\/32166"}],"wp:attachment":[{"href":"https:\/\/bisbalpenedes.com\/web\/wp-json\/wp\/v2\/media?parent=32163"}],"wp:term":[{"taxonomy":"category","embeddable":true,"href":"https:\/\/bisbalpenedes.com\/web\/wp-json\/wp\/v2\/categories?post=32163"},{"taxonomy":"post_tag","embeddable":true,"href":"https:\/\/bisbalpenedes.com\/web\/wp-json\/wp\/v2\/tags?post=32163"}],"curies":[{"name":"wp","href":"https:\/\/api.w.org\/{rel}","templated":true}]}}