{"id":32155,"date":"2024-11-03T21:07:19","date_gmt":"2024-11-03T19:07:19","guid":{"rendered":"https:\/\/bisbalpenedes.com\/web\/?p=32155"},"modified":"2024-11-03T21:10:53","modified_gmt":"2024-11-03T19:10:53","slug":"informacio-important-es-restringeix-el-transit-des-de-les-00h-fins-a-les-14h-del-4-de-novembre-de-2024-per-lactivacio-del-pla-inuncat","status":"publish","type":"post","link":"https:\/\/bisbalpenedes.com\/web\/2024\/11\/03\/informacio-important-es-restringeix-el-transit-des-de-les-00h-fins-a-les-14h-del-4-de-novembre-de-2024-per-lactivacio-del-pla-inuncat\/","title":{"rendered":"Informaci\u00f3 important: es restringeix el tr\u00e0nsit des de les 00h fins a les 14h del 4 de novembre de 2024 per l&#8217;activaci\u00f3 del PLA INUNCAT"},"content":{"rendered":"\n<p>RESOLUCI\u00d3 ISP\/3888\/2024, de 3 de novembre, per la qual s&#8217;estableixen determinades restriccions per l&#8217;activaci\u00f3 del Pla especial d&#8217;emerg\u00e8ncies per inundacions de Catalunya (INUNCAT).<\/p>\n\n\n\n<p>\u25fe\ufe0f1 Des de les 00.00 hores del 04 de Novembre de 2024 fins a les 14.00 hores del 04 de Novembre de 2024, en les comarques on es preveu una superaci\u00f3 del llindar alt per intensitat de pluja segons l&#8217;av\u00eds de situaci\u00f3 meteorol\u00f2gica de perill per intensitat de pluja em\u00e8s des del Servei Meteorol\u00f2gic de Catalunya [INCLOU EL BAIX PENED\u00c8S], s&#8217;hi han d&#8217;aplicar les prohibicions o limitacions seg\u00fcents:<\/p>\n\n\n\n<p>\u25aa\ufe0f1.1 Restricci\u00f3 de la mobilitat, \u00fanicament permesa per situacions de causa major i pels serveis essencials.<br>\u25aa\ufe0f1.2 Suspensi\u00f3 de l&#8217;activitat educativa, esportiva, universit\u00e0ria, aix\u00ed com els centres adscrits a les universitats i els centres de recerca universitaris.<\/p>\n\n\n\n<p>\u25fe\ufe0f2 L&#8217;incompliment d&#8217;aquestes limitacions, restriccions i suspensions pot donar lloc a la imposici\u00f3 de les sancions que preveu la Llei 4\/1997, de 20 de maig, de protecci\u00f3 civil de Catalunya, i altres responsabilitats que es puguin derivar de l&#8217;ordenament jur\u00eddic vigent.<\/p>\n\n\n\n<hr class=\"wp-block-separator has-alpha-channel-opacity\"\/>\n\n\n\n<p>RESOLUCI\u00d3N ISP\/3888\/2024, de 3 de noviembre, por la que se establecen determinadas restricciones por la activaci\u00f3n del Pla especial d&#8217;emerg\u00e8ncies per inundacions de Catalunya (INUNCAT).<\/p>\n\n\n\n<p>\u25fe\ufe0f1 Desde las 00.00 horas del 04 de Noviembre de 2024 hasta las 14.00 horas del 04 de Noviembre de 2024, en las comarcas donde se prev\u00e9 una superaci\u00f3n del umbral alto por intensidad de lluvia seg\u00fan el aviso de situaci\u00f3n meteorol\u00f3gica de peligro por intensidad de lluvia emitido desde el Servei Meteorol\u00f2gic de Catalunya [INCLUYE EL BAIX PENED\u00c8S], se deben aplicar las prohibiciones o limitaciones siguientes:<\/p>\n\n\n\n<p>\u25aa\ufe0f1.1 Restricci\u00f3n de la movilidad, \u00fanicamente permitida para situaciones de causa mayor y para los servicios esenciales.<\/p>\n\n\n\n<p>\u25aa\ufe0f1.2 Suspensi\u00f3n de la actividad educativa, deportiva, universitaria, as\u00ed como los centros adscritos a las universidades y los centros de investigaci\u00f3n universitarios.<\/p>\n\n\n\n<p>\u25fe\ufe0f2 El incumplimiento de estas limitaciones, restricciones y suspensiones puede dar lugar a la imposici\u00f3n de las sanciones que prev\u00e9 la Llei 4\/1997, de 20 de mayo, de protecci\u00f3 civil de Catalunya, y otras responsabilidades que se puedan derivar del ordenamiento jur\u00eddico vigente.<\/p>\n\n\n\n<p><\/p>\n\n\n\n<figure class=\"wp-block-image size-large\"><img loading=\"lazy\" width=\"724\" height=\"1024\" src=\"https:\/\/bisbalpenedes.com\/web\/wp-content\/uploads\/2024\/11\/RESOLUCIO\u0301-INTERIOR-3-NOV-24_Pa\u0301gina_1-724x1024.jpg\" alt=\"\" class=\"wp-image-32156\" srcset=\"https:\/\/bisbalpenedes.com\/web\/wp-content\/uploads\/2024\/11\/RESOLUCIO\u0301-INTERIOR-3-NOV-24_Pa\u0301gina_1-724x1024.jpg 724w, https:\/\/bisbalpenedes.com\/web\/wp-content\/uploads\/2024\/11\/RESOLUCIO\u0301-INTERIOR-3-NOV-24_Pa\u0301gina_1-212x300.jpg 212w, https:\/\/bisbalpenedes.com\/web\/wp-content\/uploads\/2024\/11\/RESOLUCIO\u0301-INTERIOR-3-NOV-24_Pa\u0301gina_1-768x1086.jpg 768w, https:\/\/bisbalpenedes.com\/web\/wp-content\/uploads\/2024\/11\/RESOLUCIO\u0301-INTERIOR-3-NOV-24_Pa\u0301gina_1-1086x1536.jpg 1086w, https:\/\/bisbalpenedes.com\/web\/wp-content\/uploads\/2024\/11\/RESOLUCIO\u0301-INTERIOR-3-NOV-24_Pa\u0301gina_1-1449x2048.jpg 1449w, https:\/\/bisbalpenedes.com\/web\/wp-content\/uploads\/2024\/11\/RESOLUCIO\u0301-INTERIOR-3-NOV-24_Pa\u0301gina_1-600x848.jpg 600w, https:\/\/bisbalpenedes.com\/web\/wp-content\/uploads\/2024\/11\/RESOLUCIO\u0301-INTERIOR-3-NOV-24_Pa\u0301gina_1.jpg 1653w\" sizes=\"(max-width: 724px) 100vw, 724px\" \/><\/figure>\n\n\n\n<figure class=\"wp-block-image size-large\"><img loading=\"lazy\" width=\"724\" height=\"1024\" src=\"https:\/\/bisbalpenedes.com\/web\/wp-content\/uploads\/2024\/11\/RESOLUCIO\u0301-INTERIOR-3-NOV-24_Pa\u0301gina_2-724x1024.jpg\" alt=\"\" class=\"wp-image-32157\" srcset=\"https:\/\/bisbalpenedes.com\/web\/wp-content\/uploads\/2024\/11\/RESOLUCIO\u0301-INTERIOR-3-NOV-24_Pa\u0301gina_2-724x1024.jpg 724w, https:\/\/bisbalpenedes.com\/web\/wp-content\/uploads\/2024\/11\/RESOLUCIO\u0301-INTERIOR-3-NOV-24_Pa\u0301gina_2-212x300.jpg 212w, https:\/\/bisbalpenedes.com\/web\/wp-content\/uploads\/2024\/11\/RESOLUCIO\u0301-INTERIOR-3-NOV-24_Pa\u0301gina_2-768x1086.jpg 768w, https:\/\/bisbalpenedes.com\/web\/wp-content\/uploads\/2024\/11\/RESOLUCIO\u0301-INTERIOR-3-NOV-24_Pa\u0301gina_2-1086x1536.jpg 1086w, https:\/\/bisbalpenedes.com\/web\/wp-content\/uploads\/2024\/11\/RESOLUCIO\u0301-INTERIOR-3-NOV-24_Pa\u0301gina_2-1449x2048.jpg 1449w, https:\/\/bisbalpenedes.com\/web\/wp-content\/uploads\/2024\/11\/RESOLUCIO\u0301-INTERIOR-3-NOV-24_Pa\u0301gina_2-600x848.jpg 600w, https:\/\/bisbalpenedes.com\/web\/wp-content\/uploads\/2024\/11\/RESOLUCIO\u0301-INTERIOR-3-NOV-24_Pa\u0301gina_2.jpg 1653w\" sizes=\"(max-width: 724px) 100vw, 724px\" \/><\/figure>\n","protected":false},"excerpt":{"rendered":"<p>RESOLUCI\u00d3 ISP\/3888\/2024, de 3 de novembre, per la qual s&#8217;estableixen determinades restriccions per l&#8217;activaci\u00f3 del Pla especial d&#8217;emerg\u00e8ncies per inundacions de Catalunya (INUNCAT). \u25fe\ufe0f1 Des de les 00.00 hores del &hellip; <a href=\"https:\/\/bisbalpenedes.com\/web\/2024\/11\/03\/informacio-important-es-restringeix-el-transit-des-de-les-00h-fins-a-les-14h-del-4-de-novembre-de-2024-per-lactivacio-del-pla-inuncat\/\" class=\"more-link\">Read More<\/a><\/p>\n","protected":false},"author":4,"featured_media":32159,"comment_status":"closed","ping_status":"closed","sticky":false,"template":"","format":"standard","meta":[],"categories":[1628,8],"tags":[2925,459,2579,393,1374,2915],"_links":{"self":[{"href":"https:\/\/bisbalpenedes.com\/web\/wp-json\/wp\/v2\/posts\/32155"}],"collection":[{"href":"https:\/\/bisbalpenedes.com\/web\/wp-json\/wp\/v2\/posts"}],"about":[{"href":"https:\/\/bisbalpenedes.com\/web\/wp-json\/wp\/v2\/types\/post"}],"author":[{"embeddable":true,"href":"https:\/\/bisbalpenedes.com\/web\/wp-json\/wp\/v2\/users\/4"}],"replies":[{"embeddable":true,"href":"https:\/\/bisbalpenedes.com\/web\/wp-json\/wp\/v2\/comments?post=32155"}],"version-history":[{"count":2,"href":"https:\/\/bisbalpenedes.com\/web\/wp-json\/wp\/v2\/posts\/32155\/revisions"}],"predecessor-version":[{"id":32160,"href":"https:\/\/bisbalpenedes.com\/web\/wp-json\/wp\/v2\/posts\/32155\/revisions\/32160"}],"wp:featuredmedia":[{"embeddable":true,"href":"https:\/\/bisbalpenedes.com\/web\/wp-json\/wp\/v2\/media\/32159"}],"wp:attachment":[{"href":"https:\/\/bisbalpenedes.com\/web\/wp-json\/wp\/v2\/media?parent=32155"}],"wp:term":[{"taxonomy":"category","embeddable":true,"href":"https:\/\/bisbalpenedes.com\/web\/wp-json\/wp\/v2\/categories?post=32155"},{"taxonomy":"post_tag","embeddable":true,"href":"https:\/\/bisbalpenedes.com\/web\/wp-json\/wp\/v2\/tags?post=32155"}],"curies":[{"name":"wp","href":"https:\/\/api.w.org\/{rel}","templated":true}]}}