{"id":32147,"date":"2024-11-03T20:56:18","date_gmt":"2024-11-03T18:56:18","guid":{"rendered":"https:\/\/bisbalpenedes.com\/web\/?p=32147"},"modified":"2024-11-03T20:58:01","modified_gmt":"2024-11-03T18:58:01","slug":"modificacio-de-lhorari-de-recollida-de-voluminosos","status":"publish","type":"post","link":"https:\/\/bisbalpenedes.com\/web\/2024\/11\/03\/modificacio-de-lhorari-de-recollida-de-voluminosos\/","title":{"rendered":"Modificaci\u00f3 de l&#8217;horari de recollida de voluminosos"},"content":{"rendered":"\n<p>Tenint en compte la previsi\u00f3 meteorol\u00f2gica, la recollida de voluminosos prevista per dem\u00e0 dilluns al mat\u00ed es far\u00e0 dem\u00e0 a la tarda o el dimarts, en funci\u00f3 de l&#8217;evoluci\u00f3 del temps. Disculpeu les mol\u00e8sties.<\/p>\n\n\n\n<hr class=\"wp-block-separator has-alpha-channel-opacity\"\/>\n\n\n\n<p> Teniendo en cuenta la previsi\u00f3n meteorol\u00f3gica, la recogida de voluminosos prevista para ma\u00f1ana lunes por la ma\u00f1ana se realizar\u00e1 ma\u00f1ana por la tarde o el martes, en funci\u00f3n de la evoluci\u00f3n del tiempo. Disculpen las molestias.<\/p>\n","protected":false},"excerpt":{"rendered":"<p>Tenint en compte la previsi\u00f3 meteorol\u00f2gica, la recollida de voluminosos prevista per dem\u00e0 dilluns al mat\u00ed es far\u00e0 dem\u00e0 a la tarda o el dimarts, en funci\u00f3 de l&#8217;evoluci\u00f3 del &hellip; <a href=\"https:\/\/bisbalpenedes.com\/web\/2024\/11\/03\/modificacio-de-lhorari-de-recollida-de-voluminosos\/\" class=\"more-link\">Read More<\/a><\/p>\n","protected":false},"author":4,"featured_media":32152,"comment_status":"closed","ping_status":"closed","sticky":false,"template":"","format":"standard","meta":[],"categories":[3215,8],"tags":[2606,459,1479,393,1374,1183],"_links":{"self":[{"href":"https:\/\/bisbalpenedes.com\/web\/wp-json\/wp\/v2\/posts\/32147"}],"collection":[{"href":"https:\/\/bisbalpenedes.com\/web\/wp-json\/wp\/v2\/posts"}],"about":[{"href":"https:\/\/bisbalpenedes.com\/web\/wp-json\/wp\/v2\/types\/post"}],"author":[{"embeddable":true,"href":"https:\/\/bisbalpenedes.com\/web\/wp-json\/wp\/v2\/users\/4"}],"replies":[{"embeddable":true,"href":"https:\/\/bisbalpenedes.com\/web\/wp-json\/wp\/v2\/comments?post=32147"}],"version-history":[{"count":1,"href":"https:\/\/bisbalpenedes.com\/web\/wp-json\/wp\/v2\/posts\/32147\/revisions"}],"predecessor-version":[{"id":32151,"href":"https:\/\/bisbalpenedes.com\/web\/wp-json\/wp\/v2\/posts\/32147\/revisions\/32151"}],"wp:featuredmedia":[{"embeddable":true,"href":"https:\/\/bisbalpenedes.com\/web\/wp-json\/wp\/v2\/media\/32152"}],"wp:attachment":[{"href":"https:\/\/bisbalpenedes.com\/web\/wp-json\/wp\/v2\/media?parent=32147"}],"wp:term":[{"taxonomy":"category","embeddable":true,"href":"https:\/\/bisbalpenedes.com\/web\/wp-json\/wp\/v2\/categories?post=32147"},{"taxonomy":"post_tag","embeddable":true,"href":"https:\/\/bisbalpenedes.com\/web\/wp-json\/wp\/v2\/tags?post=32147"}],"curies":[{"name":"wp","href":"https:\/\/api.w.org\/{rel}","templated":true}]}}