{"id":32124,"date":"2024-10-31T20:22:26","date_gmt":"2024-10-31T18:22:26","guid":{"rendered":"https:\/\/bisbalpenedes.com\/web\/?p=32124"},"modified":"2024-10-31T20:22:26","modified_gmt":"2024-10-31T18:22:26","slug":"lalcaldessa-convoca-els-regidors-de-loposicio-a-una-reunio-previa-al-ple-de-pressupostos-i-ordenances-fiscals","status":"publish","type":"post","link":"https:\/\/bisbalpenedes.com\/web\/2024\/10\/31\/lalcaldessa-convoca-els-regidors-de-loposicio-a-una-reunio-previa-al-ple-de-pressupostos-i-ordenances-fiscals\/","title":{"rendered":"L&#8217;alcaldessa convoca els regidors de l&#8217;oposici\u00f3 a una reuni\u00f3 pr\u00e8via al Ple de pressupostos i ordenances fiscals"},"content":{"rendered":"\n<p>El pr\u00f2xim dijous 7 de novembre, al mat\u00ed, se celebrar\u00e0 el Ple extraordinari de pressupostos 2025 i d&#8217;ordenances fiscals del 2025 i, aquest, es convocar\u00e0 dilluns. No obstant aix\u00f2, tenint en compte que els punts a tractar s\u00f3n de gran import\u00e0ncia per al municipi [pressupost, inversions, actualitzaci\u00f3 i creaci\u00f3 d&#8217;ordenances] i que, a m\u00e9s, hi haur\u00e0 canvis quant a la taxa de residus de cara a l&#8217;exercici 2025, l&#8217;alcaldessa Agn\u00e8s Ferr\u00e9 ha fet arribar un correu electr\u00f2nic amb la documentaci\u00f3 de les propostes del Ple als membres de l&#8217;oposici\u00f3 i, a m\u00e9s, els ha convocat a una reuni\u00f3 telem\u00e0tica amb l&#8217;empresa que ha elaborat l&#8217;estudi i proposta de la taxa de residus del municipi perqu\u00e8 puguin resoldre tots els dubtes que puguin tenir.<\/p>\n\n\n\n<hr class=\"wp-block-separator has-alpha-channel-opacity\"\/>\n\n\n\n<p>El pr\u00f3ximo jueves 7 de noviembre, por la ma\u00f1ana, se celebrar\u00e1 el Pleno extraordinario de presupuestos 2025 y de ordenanzas fiscales del 2025 y, este, se convocar\u00e1 lunes. Sin embargo, teniendo en cuenta que los puntos a tratar son de gran importancia para el municipio [presupuesto, inversiones, actualizaci\u00f3n y creaci\u00f3n de ordenanzas] y que, adem\u00e1s, habr\u00e1 cambios en cuanto a la tasa de residuos de cara al ejercicio 2025, la alcaldesa Agn\u00e8s Ferr\u00e9 ha hecho llegar un correo electr\u00f3nico con la documentaci\u00f3n de las propuestas del Pleno a los miembros de la oposici\u00f3n y, adem\u00e1s, los ha convocado a una reuni\u00f3n telem\u00e1tica con la empresa que ha elaborado el estudio y propuesta de la tasa de residuos del municipio para que puedan resolver todas las dudas que puedan tener.<\/p>\n","protected":false},"excerpt":{"rendered":"<p>El pr\u00f2xim dijous 7 de novembre, al mat\u00ed, se celebrar\u00e0 el Ple extraordinari de pressupostos 2025 i d&#8217;ordenances fiscals del 2025 i, aquest, es convocar\u00e0 dilluns. No obstant aix\u00f2, tenint &hellip; <a href=\"https:\/\/bisbalpenedes.com\/web\/2024\/10\/31\/lalcaldessa-convoca-els-regidors-de-loposicio-a-una-reunio-previa-al-ple-de-pressupostos-i-ordenances-fiscals\/\" class=\"more-link\">Read More<\/a><\/p>\n","protected":false},"author":4,"featured_media":32094,"comment_status":"closed","ping_status":"closed","sticky":false,"template":"","format":"standard","meta":[],"categories":[8],"tags":[1055,423,522],"_links":{"self":[{"href":"https:\/\/bisbalpenedes.com\/web\/wp-json\/wp\/v2\/posts\/32124"}],"collection":[{"href":"https:\/\/bisbalpenedes.com\/web\/wp-json\/wp\/v2\/posts"}],"about":[{"href":"https:\/\/bisbalpenedes.com\/web\/wp-json\/wp\/v2\/types\/post"}],"author":[{"embeddable":true,"href":"https:\/\/bisbalpenedes.com\/web\/wp-json\/wp\/v2\/users\/4"}],"replies":[{"embeddable":true,"href":"https:\/\/bisbalpenedes.com\/web\/wp-json\/wp\/v2\/comments?post=32124"}],"version-history":[{"count":1,"href":"https:\/\/bisbalpenedes.com\/web\/wp-json\/wp\/v2\/posts\/32124\/revisions"}],"predecessor-version":[{"id":32125,"href":"https:\/\/bisbalpenedes.com\/web\/wp-json\/wp\/v2\/posts\/32124\/revisions\/32125"}],"wp:featuredmedia":[{"embeddable":true,"href":"https:\/\/bisbalpenedes.com\/web\/wp-json\/wp\/v2\/media\/32094"}],"wp:attachment":[{"href":"https:\/\/bisbalpenedes.com\/web\/wp-json\/wp\/v2\/media?parent=32124"}],"wp:term":[{"taxonomy":"category","embeddable":true,"href":"https:\/\/bisbalpenedes.com\/web\/wp-json\/wp\/v2\/categories?post=32124"},{"taxonomy":"post_tag","embeddable":true,"href":"https:\/\/bisbalpenedes.com\/web\/wp-json\/wp\/v2\/tags?post=32124"}],"curies":[{"name":"wp","href":"https:\/\/api.w.org\/{rel}","templated":true}]}}