{"id":32112,"date":"2024-10-30T12:36:46","date_gmt":"2024-10-30T10:36:46","guid":{"rendered":"https:\/\/bisbalpenedes.com\/web\/?p=32112"},"modified":"2024-10-30T12:41:13","modified_gmt":"2024-10-30T10:41:13","slug":"lajuntament-de-la-bisbal-del-penedes-iniciara-properament-la-redaccio-del-projecte-de-renovacio-parcial-de-la-xarxa-daigua-per-reduir-perdues","status":"publish","type":"post","link":"https:\/\/bisbalpenedes.com\/web\/2024\/10\/30\/lajuntament-de-la-bisbal-del-penedes-iniciara-properament-la-redaccio-del-projecte-de-renovacio-parcial-de-la-xarxa-daigua-per-reduir-perdues\/","title":{"rendered":"<strong>L&#8217;Ajuntament de la Bisbal del Pened\u00e8s iniciar\u00e0 properament la redacci\u00f3 del projecte de renovaci\u00f3 parcial de la xarxa d&#8217;aigua per reduir p\u00e8rdues<\/strong>"},"content":{"rendered":"\n<p>La Junta de Govern Local de l&#8217;Ajuntament de la Bisbal del Pened\u00e8s ha aprovat un contracte amb l&#8217;empresa FCC Aqualia, SL, per valor de 18.029\u20ac (IVA incl\u00f2s), per a la redacci\u00f3 del projecte de renovaci\u00f3 parcial de canonades d&#8217;abastament d&#8217;aigua. Aquesta actuaci\u00f3 s&#8217;emmarca en el pla de millora de la xarxa d&#8217;aigua municipal per reduir p\u00e8rdues.<\/p>\n\n\n\n<p>El projecte, que compta amb un pressupost total de 770.906,05\u20ac (IVA incl\u00f2s), intervindr\u00e0 en tres zones diferenciades del municipi:<\/p>\n\n\n\n<ul><li>Al nucli urb\u00e0: Avinguda Baix Pened\u00e8s i carrer de la Font<\/li><li>Al barri del Priorat: carrers C\u00f2rdova, Sevilla, Granada, Almeria i Huelva<\/li><li>Al barri de l&#8217;Esplai: Avinguda de l&#8217;Esplai i carrers Salvador Dal\u00ed, Antoni Tapies, Joaquim Sunyer i Xavier Nogu\u00e9s<\/li><\/ul>\n\n\n\n<p>Per al finan\u00e7ament d&#8217;aquesta important actuaci\u00f3, l&#8217;Ajuntament ha obtingut dues subvencions significatives:<\/p>\n\n\n\n<ul><li>300.000\u20ac de l&#8217;Ag\u00e8ncia Catalana de l&#8217;Aigua (ACA)<\/li><li>400.000\u20ac de la Diputaci\u00f3 de Tarragona, a trav\u00e9s del Pla impuls DIPTA<\/li><\/ul>\n\n\n\n<p>Un cop es completi la redacci\u00f3 del projecte i s&#8217;aprovi, l&#8217;Ajuntament procedir\u00e0 a la licitaci\u00f3 de les obres.<\/p>\n\n\n\n<hr class=\"wp-block-separator has-alpha-channel-opacity\"\/>\n\n\n\n<h2><strong>El Ajuntament de la Bisbal del Pened\u00e8s iniciar\u00e1 pr\u00f3ximamente la redacci\u00f3n del proyecto de renovaci\u00f3n parcial de la red de agua para reducir p\u00e9rdidas<\/strong><\/h2>\n\n\n\n<p>La Junta de Gobierno Local del Ajuntament de la Bisbal del Pened\u00e8s ha aprobado un contrato con la empresa FCC Aqualia, SL, por valor de 18.029\u20ac (IVA incluido), para la redacci\u00f3n del proyecto de renovaci\u00f3n parcial de tuber\u00edas de abastecimiento de agua. Esta actuaci\u00f3n se enmarca en el plan de mejora de la red de agua municipal para reducir p\u00e9rdidas.<\/p>\n\n\n\n<p>El proyecto, que cuenta con un presupuesto total de 770.906,05\u20ac (IVA incluido), intervendr\u00e1 en tres zonas diferenciadas del municipio:<\/p>\n\n\n\n<ul><li>En el n\u00facleo urbano: Avinguda Baix Pened\u00e8s y carrer de la Font<\/li><li>En el barrio del Priorat: calles C\u00f2rdova, Sevilla, Granada, Almer\u00eda y Huelva<\/li><li>En el barrio de l&#8217;Esplai: Avinguda de l&#8217;Esplai y calles Salvador Dal\u00ed, Antoni Tapies, Joaquim Sunyer y Xavier Nogu\u00e9s<\/li><\/ul>\n\n\n\n<p>Para la financiaci\u00f3n de esta importante actuaci\u00f3n, el Ajuntament ha obtenido dos subvenciones significativas:<\/p>\n\n\n\n<ul><li>300.000\u20ac de la Ag\u00e8ncia Catalana de l&#8217;Aigua (ACA)<\/li><li>400.000\u20ac de la Diputaci\u00f3 de Tarragona, a trav\u00e9s del Pla impuls DIPTA<\/li><\/ul>\n\n\n\n<p>Una vez se complete la redacci\u00f3n del proyecto y se apruebe, el Ajuntament proceder\u00e1 a la licitaci\u00f3n de las obras.<\/p>\n","protected":false},"excerpt":{"rendered":"<p>La Junta de Govern Local de l&#8217;Ajuntament de la Bisbal del Pened\u00e8s ha aprovat un contracte amb l&#8217;empresa FCC Aqualia, SL, per valor de 18.029\u20ac (IVA incl\u00f2s), per a la &hellip; <a href=\"https:\/\/bisbalpenedes.com\/web\/2024\/10\/30\/lajuntament-de-la-bisbal-del-penedes-iniciara-properament-la-redaccio-del-projecte-de-renovacio-parcial-de-la-xarxa-daigua-per-reduir-perdues\/\" class=\"more-link\">Read More<\/a><\/p>\n","protected":false},"author":4,"featured_media":32114,"comment_status":"closed","ping_status":"closed","sticky":false,"template":"","format":"standard","meta":[],"categories":[8,3352],"tags":[],"_links":{"self":[{"href":"https:\/\/bisbalpenedes.com\/web\/wp-json\/wp\/v2\/posts\/32112"}],"collection":[{"href":"https:\/\/bisbalpenedes.com\/web\/wp-json\/wp\/v2\/posts"}],"about":[{"href":"https:\/\/bisbalpenedes.com\/web\/wp-json\/wp\/v2\/types\/post"}],"author":[{"embeddable":true,"href":"https:\/\/bisbalpenedes.com\/web\/wp-json\/wp\/v2\/users\/4"}],"replies":[{"embeddable":true,"href":"https:\/\/bisbalpenedes.com\/web\/wp-json\/wp\/v2\/comments?post=32112"}],"version-history":[{"count":2,"href":"https:\/\/bisbalpenedes.com\/web\/wp-json\/wp\/v2\/posts\/32112\/revisions"}],"predecessor-version":[{"id":32115,"href":"https:\/\/bisbalpenedes.com\/web\/wp-json\/wp\/v2\/posts\/32112\/revisions\/32115"}],"wp:featuredmedia":[{"embeddable":true,"href":"https:\/\/bisbalpenedes.com\/web\/wp-json\/wp\/v2\/media\/32114"}],"wp:attachment":[{"href":"https:\/\/bisbalpenedes.com\/web\/wp-json\/wp\/v2\/media?parent=32112"}],"wp:term":[{"taxonomy":"category","embeddable":true,"href":"https:\/\/bisbalpenedes.com\/web\/wp-json\/wp\/v2\/categories?post=32112"},{"taxonomy":"post_tag","embeddable":true,"href":"https:\/\/bisbalpenedes.com\/web\/wp-json\/wp\/v2\/tags?post=32112"}],"curies":[{"name":"wp","href":"https:\/\/api.w.org\/{rel}","templated":true}]}}