{"id":32098,"date":"2024-10-28T13:40:32","date_gmt":"2024-10-28T11:40:32","guid":{"rendered":"https:\/\/bisbalpenedes.com\/web\/?p=32098"},"modified":"2024-10-28T13:41:26","modified_gmt":"2024-10-28T11:41:26","slug":"lajuntament-de-la-bisbal-del-penedes-contracta-un-servei-dassessorament-juridic-per-regularitzar-les-quotes-urbanistiques-del-poligon-les-planes","status":"publish","type":"post","link":"https:\/\/bisbalpenedes.com\/web\/2024\/10\/28\/lajuntament-de-la-bisbal-del-penedes-contracta-un-servei-dassessorament-juridic-per-regularitzar-les-quotes-urbanistiques-del-poligon-les-planes\/","title":{"rendered":"<strong>L&#8217;Ajuntament de la Bisbal del Pened\u00e8s contracta un servei d&#8217;assessorament jur\u00eddic per regularitzar les quotes urban\u00edstiques del pol\u00edgon Les Planes<\/strong>"},"content":{"rendered":"\n<p>La Junta de Govern Local, en la seva sessi\u00f3 celebrada el passat 21 d&#8217;octubre, va aprovar la contractaci\u00f3 de l&#8217;empresa Manubens y Asociados, SLP per un import de 10.285 euros (IVA incl\u00f2s).<\/p>\n\n\n\n<p>Aquesta contractaci\u00f3 t\u00e9 com a objectiu principal la recepci\u00f3 d\u2019assessorament jur\u00eddic especialitzat en dos aspectes fonamentals:<\/p>\n\n\n\n<ul><li>La preparaci\u00f3 i tramitaci\u00f3 de la modificaci\u00f3 del projecte de reparcel\u00b7laci\u00f3 de l&#8217;\u00e0mbit &#8220;Les Planes&#8221;<\/li><li>L&#8217;elaboraci\u00f3 d&#8217;un nou compte de liquidaci\u00f3 definitiu<\/li><\/ul>\n\n\n\n<hr class=\"wp-block-separator has-alpha-channel-opacity\"\/>\n\n\n\n<h3><strong>El Ajuntament de la Bisbal del Pened\u00e8s contrata un servicio de asesoramiento jur\u00eddico para regularizar las cuotas urban\u00edsticas del pol\u00edgono Les Planes<\/strong><\/h3>\n\n\n\n<p>La Junta de Gobierno Local, en su sesi\u00f3n celebrada el pasado 21 de octubre, aprob\u00f3 la contrataci\u00f3n de la empresa Manubens y Asociados, SLP por un importe de 10.285 euros (IVA incluido).<\/p>\n\n\n\n<p>Esta contrataci\u00f3n tiene como objetivo principal la recepci\u00f3n de asesoramiento jur\u00eddico especializado en dos aspectos fundamentales:<\/p>\n\n\n\n<ul><li>La preparaci\u00f3n y tramitaci\u00f3n de la modificaci\u00f3n del proyecto de reparcelaci\u00f3n del \u00e1mbito &#8220;Les Planes&#8221;<\/li><li>La elaboraci\u00f3n de una&nbsp;nueva cuenta de liquidaci\u00f3n definitiva<\/li><\/ul>\n","protected":false},"excerpt":{"rendered":"<p>La Junta de Govern Local, en la seva sessi\u00f3 celebrada el passat 21 d&#8217;octubre, va aprovar la contractaci\u00f3 de l&#8217;empresa Manubens y Asociados, SLP per un import de 10.285 euros &hellip; <a href=\"https:\/\/bisbalpenedes.com\/web\/2024\/10\/28\/lajuntament-de-la-bisbal-del-penedes-contracta-un-servei-dassessorament-juridic-per-regularitzar-les-quotes-urbanistiques-del-poligon-les-planes\/\" class=\"more-link\">Read More<\/a><\/p>\n","protected":false},"author":4,"featured_media":3936,"comment_status":"closed","ping_status":"closed","sticky":false,"template":"","format":"standard","meta":[],"categories":[8,15],"tags":[1060,393,443,1374],"_links":{"self":[{"href":"https:\/\/bisbalpenedes.com\/web\/wp-json\/wp\/v2\/posts\/32098"}],"collection":[{"href":"https:\/\/bisbalpenedes.com\/web\/wp-json\/wp\/v2\/posts"}],"about":[{"href":"https:\/\/bisbalpenedes.com\/web\/wp-json\/wp\/v2\/types\/post"}],"author":[{"embeddable":true,"href":"https:\/\/bisbalpenedes.com\/web\/wp-json\/wp\/v2\/users\/4"}],"replies":[{"embeddable":true,"href":"https:\/\/bisbalpenedes.com\/web\/wp-json\/wp\/v2\/comments?post=32098"}],"version-history":[{"count":2,"href":"https:\/\/bisbalpenedes.com\/web\/wp-json\/wp\/v2\/posts\/32098\/revisions"}],"predecessor-version":[{"id":32100,"href":"https:\/\/bisbalpenedes.com\/web\/wp-json\/wp\/v2\/posts\/32098\/revisions\/32100"}],"wp:featuredmedia":[{"embeddable":true,"href":"https:\/\/bisbalpenedes.com\/web\/wp-json\/wp\/v2\/media\/3936"}],"wp:attachment":[{"href":"https:\/\/bisbalpenedes.com\/web\/wp-json\/wp\/v2\/media?parent=32098"}],"wp:term":[{"taxonomy":"category","embeddable":true,"href":"https:\/\/bisbalpenedes.com\/web\/wp-json\/wp\/v2\/categories?post=32098"},{"taxonomy":"post_tag","embeddable":true,"href":"https:\/\/bisbalpenedes.com\/web\/wp-json\/wp\/v2\/tags?post=32098"}],"curies":[{"name":"wp","href":"https:\/\/api.w.org\/{rel}","templated":true}]}}