{"id":32085,"date":"2024-10-25T15:32:45","date_gmt":"2024-10-25T13:32:45","guid":{"rendered":"https:\/\/bisbalpenedes.com\/web\/?p=32085"},"modified":"2024-10-25T15:32:45","modified_gmt":"2024-10-25T13:32:45","slug":"hi-ha-convocada-una-vaga-per-al-transport-public-que-afectara-el-servei-prestat-a-la-bisbal-el-dilluns-28-doctubre","status":"publish","type":"post","link":"https:\/\/bisbalpenedes.com\/web\/2024\/10\/25\/hi-ha-convocada-una-vaga-per-al-transport-public-que-afectara-el-servei-prestat-a-la-bisbal-el-dilluns-28-doctubre\/","title":{"rendered":"Hi ha convocada una vaga per al transport p\u00fablic  que afectar\u00e0 el servei prestat a la Bisbal el dilluns 28 d&#8217;octubre"},"content":{"rendered":"\n<p>El pr\u00f2xim dilluns 28 d&#8217;octubre hi ha convocada una vaga de treballadors del sector del transport p\u00fablic urb\u00e0. Aquesta vaga afectar\u00e0 el servei prestat a la Bisbal. Us adjuntem el comunicat d&#8217;Izaro amb les afectacions.<\/p>\n\n\n\n<hr class=\"wp-block-separator has-alpha-channel-opacity\"\/>\n\n\n\n<p>El pr\u00f3ximo lunes 28 de octubre hay convocada una vaga de trabajadores del sector del transporte p\u00fablico urbano. Esta vaga afectar\u00e1 al servicio prestado en la Bisbal. Os adjuntamos el comunicado de Izaro con las afectaciones.<\/p>\n\n\n\n<p><\/p>\n","protected":false},"excerpt":{"rendered":"<p>El pr\u00f2xim dilluns 28 d&#8217;octubre hi ha convocada una vaga de treballadors del sector del transport p\u00fablic urb\u00e0. Aquesta vaga afectar\u00e0 el servei prestat a la Bisbal. Us adjuntem el &hellip; <a href=\"https:\/\/bisbalpenedes.com\/web\/2024\/10\/25\/hi-ha-convocada-una-vaga-per-al-transport-public-que-afectara-el-servei-prestat-a-la-bisbal-el-dilluns-28-doctubre\/\" class=\"more-link\">Read More<\/a><\/p>\n","protected":false},"author":4,"featured_media":32086,"comment_status":"closed","ping_status":"closed","sticky":false,"template":"","format":"standard","meta":[],"categories":[3859,8],"tags":[],"_links":{"self":[{"href":"https:\/\/bisbalpenedes.com\/web\/wp-json\/wp\/v2\/posts\/32085"}],"collection":[{"href":"https:\/\/bisbalpenedes.com\/web\/wp-json\/wp\/v2\/posts"}],"about":[{"href":"https:\/\/bisbalpenedes.com\/web\/wp-json\/wp\/v2\/types\/post"}],"author":[{"embeddable":true,"href":"https:\/\/bisbalpenedes.com\/web\/wp-json\/wp\/v2\/users\/4"}],"replies":[{"embeddable":true,"href":"https:\/\/bisbalpenedes.com\/web\/wp-json\/wp\/v2\/comments?post=32085"}],"version-history":[{"count":1,"href":"https:\/\/bisbalpenedes.com\/web\/wp-json\/wp\/v2\/posts\/32085\/revisions"}],"predecessor-version":[{"id":32087,"href":"https:\/\/bisbalpenedes.com\/web\/wp-json\/wp\/v2\/posts\/32085\/revisions\/32087"}],"wp:featuredmedia":[{"embeddable":true,"href":"https:\/\/bisbalpenedes.com\/web\/wp-json\/wp\/v2\/media\/32086"}],"wp:attachment":[{"href":"https:\/\/bisbalpenedes.com\/web\/wp-json\/wp\/v2\/media?parent=32085"}],"wp:term":[{"taxonomy":"category","embeddable":true,"href":"https:\/\/bisbalpenedes.com\/web\/wp-json\/wp\/v2\/categories?post=32085"},{"taxonomy":"post_tag","embeddable":true,"href":"https:\/\/bisbalpenedes.com\/web\/wp-json\/wp\/v2\/tags?post=32085"}],"curies":[{"name":"wp","href":"https:\/\/api.w.org\/{rel}","templated":true}]}}