{"id":32069,"date":"2024-10-23T21:16:41","date_gmt":"2024-10-23T19:16:41","guid":{"rendered":"https:\/\/bisbalpenedes.com\/web\/?p=32069"},"modified":"2024-10-23T21:16:41","modified_gmt":"2024-10-23T19:16:41","slug":"sopar-homenatge-al-soci-de-lassociacio-de-la-gent-gran-16-de-novembre","status":"publish","type":"post","link":"https:\/\/bisbalpenedes.com\/web\/2024\/10\/23\/sopar-homenatge-al-soci-de-lassociacio-de-la-gent-gran-16-de-novembre\/","title":{"rendered":"Sopar-homenatge al soci de l&#8217;Associaci\u00f3 de la Gent Gran &#8211; 16 de novembre"},"content":{"rendered":"\n<p>L&#8217;Associaci\u00f3 de la Gent Gran celebrar\u00e0 el seu tradicional berenar-homenatge als socis i el lliurament de les plaques d&#8217;honor el dissabte 16 de novembre, a les 18h, al CMC.<\/p>\n\n\n\n<p>Recordeu que us hi heu d&#8217;inscriure pr\u00e8viament. Per a m\u00e9s informaci\u00f3, consulteu el cartell adjunt.<\/p>\n\n\n\n<hr class=\"wp-block-separator has-alpha-channel-opacity\"\/>\n\n\n\n<p>La Associaci\u00f3 de la Gent Gran celebrar\u00e1 su tradicional homenaje a los socios y la entrega de las placas de honor el s\u00e1bado 16 de noviembre, a las 18h, en el CMC.<\/p>\n\n\n\n<p>Recordad que os ten\u00e9is que inscribir previamente. Para m\u00e1s informaci\u00f3n, consultad el cartel adjunto.<\/p>\n\n\n\n<p><\/p>\n","protected":false},"excerpt":{"rendered":"<p>L&#8217;Associaci\u00f3 de la Gent Gran celebrar\u00e0 el seu tradicional berenar-homenatge als socis i el lliurament de les plaques d&#8217;honor el dissabte 16 de novembre, a les 18h, al CMC. Recordeu &hellip; <a href=\"https:\/\/bisbalpenedes.com\/web\/2024\/10\/23\/sopar-homenatge-al-soci-de-lassociacio-de-la-gent-gran-16-de-novembre\/\" class=\"more-link\">Read More<\/a><\/p>\n","protected":false},"author":4,"featured_media":32070,"comment_status":"closed","ping_status":"closed","sticky":false,"template":"","format":"standard","meta":[],"categories":[464,8],"tags":[950,459,955,305,1774,393],"_links":{"self":[{"href":"https:\/\/bisbalpenedes.com\/web\/wp-json\/wp\/v2\/posts\/32069"}],"collection":[{"href":"https:\/\/bisbalpenedes.com\/web\/wp-json\/wp\/v2\/posts"}],"about":[{"href":"https:\/\/bisbalpenedes.com\/web\/wp-json\/wp\/v2\/types\/post"}],"author":[{"embeddable":true,"href":"https:\/\/bisbalpenedes.com\/web\/wp-json\/wp\/v2\/users\/4"}],"replies":[{"embeddable":true,"href":"https:\/\/bisbalpenedes.com\/web\/wp-json\/wp\/v2\/comments?post=32069"}],"version-history":[{"count":1,"href":"https:\/\/bisbalpenedes.com\/web\/wp-json\/wp\/v2\/posts\/32069\/revisions"}],"predecessor-version":[{"id":32071,"href":"https:\/\/bisbalpenedes.com\/web\/wp-json\/wp\/v2\/posts\/32069\/revisions\/32071"}],"wp:featuredmedia":[{"embeddable":true,"href":"https:\/\/bisbalpenedes.com\/web\/wp-json\/wp\/v2\/media\/32070"}],"wp:attachment":[{"href":"https:\/\/bisbalpenedes.com\/web\/wp-json\/wp\/v2\/media?parent=32069"}],"wp:term":[{"taxonomy":"category","embeddable":true,"href":"https:\/\/bisbalpenedes.com\/web\/wp-json\/wp\/v2\/categories?post=32069"},{"taxonomy":"post_tag","embeddable":true,"href":"https:\/\/bisbalpenedes.com\/web\/wp-json\/wp\/v2\/tags?post=32069"}],"curies":[{"name":"wp","href":"https:\/\/api.w.org\/{rel}","templated":true}]}}