{"id":32064,"date":"2024-10-23T20:47:26","date_gmt":"2024-10-23T18:47:26","guid":{"rendered":"https:\/\/bisbalpenedes.com\/web\/?p=32064"},"modified":"2024-10-23T20:50:31","modified_gmt":"2024-10-23T18:50:31","slug":"el-diumenge-27-doctubre-a-les-18h-podreu-veure-la-pellicula-pajaros-al-cmc-en-el-marc-del-cicle-gaudi-de-cinema-catala","status":"publish","type":"post","link":"https:\/\/bisbalpenedes.com\/web\/2024\/10\/23\/el-diumenge-27-doctubre-a-les-18h-podreu-veure-la-pellicula-pajaros-al-cmc-en-el-marc-del-cicle-gaudi-de-cinema-catala\/","title":{"rendered":"El diumenge 27 d&#8217;octubre a les 18h podreu veure la pel\u00b7l\u00edcula &#8220;P\u00e1jaros\u201d al CMC en el marc del Cicle Gaud\u00ed de Cinema Catal\u00e0"},"content":{"rendered":"\n<p>El diumenge 27 d&#8217;octubre, a les 18h, l\u2019Auditori Salb\u00e0 del CMC acollir\u00e0 la projecci\u00f3 del film \u201cP\u00e1jaros\u201d del Cicle Gaud\u00ed, dirigida per Pau Dur\u00e0.<\/p>\n\n\n\n<p><strong>SINOPSI<\/strong><\/p>\n\n\n\n<p>El Colombo (Javier Guti\u00e9rrez) treballa en un garatge 24h i complementa el seu miserable sou traficant amb marihuana. El Mario (Luis Zahera), un home peculiar i aficionat a les aus, que apareix inesperadament al garatge, el contracta de xofer per anar a la Costa Brava a veure grues.<\/p>\n\n\n\n<p>Per\u00f2 en arribar al seu dest\u00ed, li explica que les aus han variat el rumb migratori cap al delta del Danubi, a Romania. El Mario necessita arribar-hi i el Colombo necessita els diners. Ocultant els seus veritables motius, emprenen un viatge que els portar\u00e0 a con\u00e8ixer-se millor i enfrontar-se a ells mateixos.<\/p>\n\n\n\n<p><strong>FITXA T\u00c8CNICA<\/strong><\/p>\n\n\n\n<p>Direcci\u00f3:&nbsp;Pau Dur\u00e0<\/p>\n\n\n\n<p>Gui\u00f3:&nbsp;Anna M. Peir\u00f3<\/p>\n\n\n\n<p>Productora:&nbsp;Fosca Films S.L., Iconica Producciones, SL., Tandem Films, S.L.; Birds Film, A.I.E., Motion Picture Management Srl.<\/p>\n\n\n\n<p>Estrena:&nbsp;28 de mar\u00e7 de 2024<\/p>\n\n\n\n<p>Durada:&nbsp;100 min.<\/p>\n\n\n\n<p>G\u00e8nere:&nbsp;Ficci\u00f3n, Road Movie<\/p>\n\n\n\n<p>Qualificaci\u00f3:&nbsp;No recomanada per a menors de 12 anys<\/p>\n\n\n\n<p>Versi\u00f3:&nbsp;Original en castellano<\/p>\n\n\n\n<p>Int\u00e8rprets:<br>Javier Guti\u00e9rrez, Luis Zahera, Teresa Saponangelo<br><br>Com \u00e9s habitual, el preu de l\u2019entrada ser\u00e0 de 4,5\u20ac (general) i 3\u20ac per als espectadors que presentin el carnet de la Biblioteca p\u00fablica de la Bisbal del Pened\u00e8s. Els beneficis es destinaran a l\u2019entitat que gestioni la taquilla abans de la projecci\u00f3, en aquest cas l&#8217;associaci\u00f3 de la Gent Gran.<\/p>\n\n\n\n<figure class=\"wp-block-embed is-type-video is-provider-youtube wp-block-embed-youtube wp-embed-aspect-16-9 wp-has-aspect-ratio\"><div class=\"wp-block-embed__wrapper\">\n<iframe loading=\"lazy\" title=\"Cicle Gaud\u00ed: &quot;P\u00e1jaros&quot;\" width=\"1170\" height=\"658\" src=\"https:\/\/www.youtube.com\/embed\/Z4pv8SSjdoA?feature=oembed\" frameborder=\"0\" allow=\"accelerometer; autoplay; clipboard-write; encrypted-media; gyroscope; picture-in-picture; web-share\" referrerpolicy=\"strict-origin-when-cross-origin\" allowfullscreen><\/iframe>\n<\/div><\/figure>\n\n\n\n<hr class=\"wp-block-separator has-alpha-channel-opacity\"\/>\n\n\n\n<h2><strong>CASTELLANO |<\/strong>\u00a0<strong>El domingo 27 de octubre a las 18h podr\u00e9is ver la pel\u00edcula nominada \u201cP\u00e1jaros\u201d en el CMC en el marco del Cicle Gaud\u00ed de cinema catal\u00e0.<\/strong><\/h2>\n\n\n\n<p>El domingo 27 de octubre, a las 18h, el Auditorio Salb\u00e0 del CMC acoger\u00e1 la proyecci\u00f3n de la pel\u00edcula \u201cP\u00e1jaros\u201d del Cicle Gaud\u00ed, dirigida por Liliana Torres.<\/p>\n\n\n\n<p><strong>SINOPSIS<\/strong><\/p>\n\n\n\n<p>Colombo (Javier Guti\u00e9rrez) trabaja en un garaje 24h y complementa su miserable sueldo traficando con marihuana. Mario (Luis Zahera), un hombre peculiar y aficionado a las aves, que aparece inesperadamente en el garaje, lo contrata de ch\u00f3fer para ir a la Costa Brava a ver gr\u00faas.<\/p>\n\n\n\n<p>Pero al llegar a su destino, le explica que las aves han variado el rumbo migratorio hacia el delta del Danubio, en Ruman\u00eda. Mario necesita llegar all\u00ed y Colombo necesita el dinero. Ocultando sus verdaderos motivos, emprenden un viaje que les llevar\u00e1 a conocerse mejor y a afrontarse a ellos mismos.<\/p>\n\n\n\n<p><strong>FICHA T\u00c9CNICA<\/strong><\/p>\n\n\n\n<p>Direcci\u00f3n: Pau Dur\u00e0<\/p>\n\n\n\n<p>Guion: Anna M. Peir\u00f3<\/p>\n\n\n\n<p>Productora: Fosca Films S.L., Iconica Producciones, SL., Tandem Films ,SL, Birds Film, A.I.E., Motion Picture Management Srl<\/p>\n\n\n\n<p>Estreno: 28 de marzo de 2024<\/p>\n\n\n\n<p>Duraci\u00f3n: 100 min.<\/p>\n\n\n\n<p>G\u00e9nero: Ficci\u00f3n, Road Movie<\/p>\n\n\n\n<p>Calificaci\u00f3n: No recomendada para menores de 12 a\u00f1os<\/p>\n\n\n\n<p>Versi\u00f3n: Original en castellano<\/p>\n\n\n\n<p>Int\u00e9rpretes: Javier Guti\u00e9rrez, Luis Zahera, Teresa Saponangelo<\/p>\n\n\n\n<p>Como es habitual, el precio de la entrada ser\u00e1 de 4,5\u20ac (general) y 3\u20ac para los espectadores que presenten el carnet de la Biblioteca p\u00fablica de la Bisbal del Pened\u00e8s. Los beneficios se destinar\u00e1n a la entidad que gestione la taquilla antes de la proyecci\u00f3n, en este caso la Associaci\u00f3 de la Gent Gran.<\/p>\n","protected":false},"excerpt":{"rendered":"<p>El diumenge 27 d&#8217;octubre, a les 18h, l\u2019Auditori Salb\u00e0 del CMC acollir\u00e0 la projecci\u00f3 del film \u201cP\u00e1jaros\u201d del Cicle Gaud\u00ed, dirigida per Pau Dur\u00e0. SINOPSI El Colombo (Javier Guti\u00e9rrez) treballa &hellip; <a href=\"https:\/\/bisbalpenedes.com\/web\/2024\/10\/23\/el-diumenge-27-doctubre-a-les-18h-podreu-veure-la-pellicula-pajaros-al-cmc-en-el-marc-del-cicle-gaudi-de-cinema-catala\/\" class=\"more-link\">Read More<\/a><\/p>\n","protected":false},"author":4,"featured_media":32065,"comment_status":"closed","ping_status":"closed","sticky":false,"template":"","format":"standard","meta":[],"categories":[13,8],"tags":[459,308,307,393,6881,1374],"_links":{"self":[{"href":"https:\/\/bisbalpenedes.com\/web\/wp-json\/wp\/v2\/posts\/32064"}],"collection":[{"href":"https:\/\/bisbalpenedes.com\/web\/wp-json\/wp\/v2\/posts"}],"about":[{"href":"https:\/\/bisbalpenedes.com\/web\/wp-json\/wp\/v2\/types\/post"}],"author":[{"embeddable":true,"href":"https:\/\/bisbalpenedes.com\/web\/wp-json\/wp\/v2\/users\/4"}],"replies":[{"embeddable":true,"href":"https:\/\/bisbalpenedes.com\/web\/wp-json\/wp\/v2\/comments?post=32064"}],"version-history":[{"count":2,"href":"https:\/\/bisbalpenedes.com\/web\/wp-json\/wp\/v2\/posts\/32064\/revisions"}],"predecessor-version":[{"id":32067,"href":"https:\/\/bisbalpenedes.com\/web\/wp-json\/wp\/v2\/posts\/32064\/revisions\/32067"}],"wp:featuredmedia":[{"embeddable":true,"href":"https:\/\/bisbalpenedes.com\/web\/wp-json\/wp\/v2\/media\/32065"}],"wp:attachment":[{"href":"https:\/\/bisbalpenedes.com\/web\/wp-json\/wp\/v2\/media?parent=32064"}],"wp:term":[{"taxonomy":"category","embeddable":true,"href":"https:\/\/bisbalpenedes.com\/web\/wp-json\/wp\/v2\/categories?post=32064"},{"taxonomy":"post_tag","embeddable":true,"href":"https:\/\/bisbalpenedes.com\/web\/wp-json\/wp\/v2\/tags?post=32064"}],"curies":[{"name":"wp","href":"https:\/\/api.w.org\/{rel}","templated":true}]}}