{"id":32057,"date":"2024-10-23T14:49:40","date_gmt":"2024-10-23T12:49:40","guid":{"rendered":"https:\/\/bisbalpenedes.com\/web\/?p=32057"},"modified":"2024-10-23T14:49:40","modified_gmt":"2024-10-23T12:49:40","slug":"la-bisbal-del-penedes-reforca-el-seu-compromis-amb-la-igualtat-de-genere-al-iv-forum-de-municipis-certificats-de-lassociacio-forgender-seal","status":"publish","type":"post","link":"https:\/\/bisbalpenedes.com\/web\/2024\/10\/23\/la-bisbal-del-penedes-reforca-el-seu-compromis-amb-la-igualtat-de-genere-al-iv-forum-de-municipis-certificats-de-lassociacio-forgender-seal\/","title":{"rendered":"<strong>La Bisbal del Pened\u00e8s refor\u00e7a el seu comprom\u00eds amb la igualtat de g\u00e8nere al IV F\u00f2rum de Municipis Certificats de l\u2019Associaci\u00f3 Forgender Seal<\/strong>"},"content":{"rendered":"\n<p><strong>L\u2019alcaldessa Agn\u00e8s Ferr\u00e9 ha participat en la taula inaugural de l\u2019esdeveniment, on ha compartit estrat\u00e8gies efectives per implementar pol\u00edtiques feministes en municipis petits<\/strong><\/p>\n\n\n\n<p>La Bisbal del Pened\u00e8s va participar, el passat divendres 18 d\u2019octubre, en el IV F\u00f2rum de Municipis Certificats, celebrat a La Ciba de Santa Coloma de Gramenet. L\u2019Ajuntament bisbalenc hi va tenir pres\u00e8ncia per partida doble: d\u2019una banda, l\u2019alcaldessa Agn\u00e8s Ferr\u00e9 va intervenir en la taula inaugural i, de l\u2019altra, es va formalitzar la recepci\u00f3 de la certificaci\u00f3 SG CITY 50-50 que acredita el comprom\u00eds del municipi amb la igualtat de g\u00e8nere.<\/p>\n\n\n\n<p>L&#8217;alcaldessa Ferr\u00e9 va assistir al f\u00f2rum acompanyada per la regidora d&#8217;Igualtat i Feminismes, Paqui Cepas, i la primera tinent d&#8217;alcaldessa, Judith Vidal i va participar en la taula inaugural al costat de destacades personalitats com l&#8217;Hble. Sra. Eva Menor, consellera d&#8217;Igualtat i Feminisme, i la Sra. Meritxell Bud\u00f3, alcaldessa de la Garriga i presidenta de l&#8217;Associaci\u00f3 Catalana de Municipis (ACM), entre altres autoritats. Durant la seva intervenci\u00f3, Ferr\u00e9 va compartir estrat\u00e8gies efectives per implementar pol\u00edtiques feministes en municipis petits, destacant iniciatives reeixides com els murals commemoratius del 8M, les sessions d&#8217;apoderament femen\u00ed i la col\u00b7laboraci\u00f3 amb comer\u00e7os locals en la lluita contra la viol\u00e8ncia de g\u00e8nere. L\u2019alcaldessa Agn\u00e8s Ferr\u00e9 ha explicat que <em>&#8220;\u00e9s un plaer i un honor que comptin amb la Bisbal del Pened\u00e8s per parlar d&#8217;igualtat als municipis&#8221;.<\/em><\/p>\n\n\n\n<p><strong>Certificaci\u00f3 SG CITY 50-50<\/strong><\/p>\n\n\n\n<p>Durant l&#8217;acte, la Sra. Marta Macias, presidenta de l&#8217;Associaci\u00f3 Forgender Seal, va lliurar formalment la certificaci\u00f3 SG CITY 50-50 (nivell avan\u00e7at) a l&#8217;Ajuntament de la Bisbal del Pened\u00e8s. Aquesta distinci\u00f3, obtinguda el febrer de 2024, certifica la integraci\u00f3 de la perspectiva de g\u00e8nere en l&#8217;organitzaci\u00f3 i en les pol\u00edtiques municipals, amb validesa fins al novembre de 2025.<\/p>\n\n\n\n<p>La certificaci\u00f3 SG CITY 50-50, primera d&#8217;\u00e0mbit internacional en la seva tipologia, avala:<\/p>\n\n\n\n<ul><li>El comprom\u00eds del govern municipal per la igualtat de g\u00e8nere<\/li><li>La millora de les compet\u00e8ncies de gesti\u00f3 municipal<\/li><li>La potenciaci\u00f3 de capacitats t\u00e8cniques i pol\u00edtiques cap a la igualtat<\/li><li>La integraci\u00f3 de la perspectiva de g\u00e8nere en les pol\u00edtiques p\u00fabliques<\/li><li>La promoci\u00f3 de programes socials per a la realitzaci\u00f3 de drets<\/li><\/ul>\n\n\n\n<p>La regidora d&#8217;igualtat, Paqui Cepas ha destacat la import\u00e0ncia del f\u00f2rum com a espai de treball en xarxa i creaci\u00f3 de sinergies: <em>&#8220;\u00e9s un f\u00f2rum molt enriquidor, fomentant el networking, el coneixement i la creaci\u00f3 d&#8217;empatia entre les persones participants&#8221;.<\/em><\/p>\n\n\n\n<p>Aquesta certificaci\u00f3, dissenyada segons compet\u00e8ncies municipals i normatives nacionals i internacionals, est\u00e0 alineada amb l&#8217;Agenda 2023, la Nova Agenda Urbana i els Objectius de Desenvolupament Sostenible de les Nacions Unides, reafirmant el comprom\u00eds de la Bisbal del Pened\u00e8s amb la construcci\u00f3 d&#8217;una societat m\u00e9s igualit\u00e0ria.<\/p>\n\n\n\n<p>L\u2019associaci\u00f3 Forgender Seal \u00e9s una entitat sense \u00e0nim de lucre que t\u00e9 com a prop\u00f2sit crear sistemes de gesti\u00f3 de g\u00e8nere que afavoreixin la construcci\u00f3 de societats m\u00e9s justes i igualit\u00e0ries, proposin democr\u00e0cies m\u00e9s participatives i parit\u00e0ries i generin convicci\u00f3 i determinaci\u00f3 pol\u00edtica a favor de la igualtat. L\u2019associaci\u00f3 compta amb el suport de l\u2019Institut Catal\u00e0 de les Dones i el Consell Insular de Mallorca i dona suport als Objectius de Desenvolupament Sostenible de les Nacions Unides.<\/p>\n\n\n\n<figure class=\"wp-container-2 wp-block-gallery-1 wp-block-gallery has-nested-images columns-default is-cropped\">\n<figure class=\"wp-block-image size-large\"><img loading=\"lazy\" width=\"1024\" height=\"683\" data-id=\"32060\"  src=\"https:\/\/bisbalpenedes.com\/web\/wp-content\/uploads\/2024\/10\/FORGENDER-SEAL-FORUM-1-1024x683.jpg\" alt=\"\" class=\"wp-image-32060\" srcset=\"https:\/\/bisbalpenedes.com\/web\/wp-content\/uploads\/2024\/10\/FORGENDER-SEAL-FORUM-1-1024x683.jpg 1024w, https:\/\/bisbalpenedes.com\/web\/wp-content\/uploads\/2024\/10\/FORGENDER-SEAL-FORUM-1-300x200.jpg 300w, https:\/\/bisbalpenedes.com\/web\/wp-content\/uploads\/2024\/10\/FORGENDER-SEAL-FORUM-1-768x512.jpg 768w, https:\/\/bisbalpenedes.com\/web\/wp-content\/uploads\/2024\/10\/FORGENDER-SEAL-FORUM-1-1536x1024.jpg 1536w, https:\/\/bisbalpenedes.com\/web\/wp-content\/uploads\/2024\/10\/FORGENDER-SEAL-FORUM-1-600x400.jpg 600w, https:\/\/bisbalpenedes.com\/web\/wp-content\/uploads\/2024\/10\/FORGENDER-SEAL-FORUM-1.jpg 1920w\" sizes=\"(max-width: 1024px) 100vw, 1024px\" \/><\/figure>\n\n\n\n<figure class=\"wp-block-image size-large\"><img loading=\"lazy\" width=\"1024\" height=\"683\" data-id=\"32061\"  src=\"https:\/\/bisbalpenedes.com\/web\/wp-content\/uploads\/2024\/10\/FORGENDER-SEAL-FORUM-2-1024x683.jpg\" alt=\"\" class=\"wp-image-32061\" srcset=\"https:\/\/bisbalpenedes.com\/web\/wp-content\/uploads\/2024\/10\/FORGENDER-SEAL-FORUM-2-1024x683.jpg 1024w, https:\/\/bisbalpenedes.com\/web\/wp-content\/uploads\/2024\/10\/FORGENDER-SEAL-FORUM-2-300x200.jpg 300w, https:\/\/bisbalpenedes.com\/web\/wp-content\/uploads\/2024\/10\/FORGENDER-SEAL-FORUM-2-768x512.jpg 768w, https:\/\/bisbalpenedes.com\/web\/wp-content\/uploads\/2024\/10\/FORGENDER-SEAL-FORUM-2-1536x1024.jpg 1536w, https:\/\/bisbalpenedes.com\/web\/wp-content\/uploads\/2024\/10\/FORGENDER-SEAL-FORUM-2-600x400.jpg 600w, https:\/\/bisbalpenedes.com\/web\/wp-content\/uploads\/2024\/10\/FORGENDER-SEAL-FORUM-2.jpg 1920w\" sizes=\"(max-width: 1024px) 100vw, 1024px\" \/><\/figure>\n\n\n\n<figure class=\"wp-block-image size-large\"><img loading=\"lazy\" width=\"1024\" height=\"683\" data-id=\"32062\"  src=\"https:\/\/bisbalpenedes.com\/web\/wp-content\/uploads\/2024\/10\/FORGENDER-SEAL-FORUM-3-1024x683.jpg\" alt=\"\" class=\"wp-image-32062\" srcset=\"https:\/\/bisbalpenedes.com\/web\/wp-content\/uploads\/2024\/10\/FORGENDER-SEAL-FORUM-3-1024x683.jpg 1024w, https:\/\/bisbalpenedes.com\/web\/wp-content\/uploads\/2024\/10\/FORGENDER-SEAL-FORUM-3-300x200.jpg 300w, https:\/\/bisbalpenedes.com\/web\/wp-content\/uploads\/2024\/10\/FORGENDER-SEAL-FORUM-3-768x512.jpg 768w, https:\/\/bisbalpenedes.com\/web\/wp-content\/uploads\/2024\/10\/FORGENDER-SEAL-FORUM-3-1536x1024.jpg 1536w, https:\/\/bisbalpenedes.com\/web\/wp-content\/uploads\/2024\/10\/FORGENDER-SEAL-FORUM-3-600x400.jpg 600w, https:\/\/bisbalpenedes.com\/web\/wp-content\/uploads\/2024\/10\/FORGENDER-SEAL-FORUM-3.jpg 1920w\" sizes=\"(max-width: 1024px) 100vw, 1024px\" \/><\/figure>\n<\/figure>\n\n\n\n<hr class=\"wp-block-separator has-alpha-channel-opacity\"\/>\n\n\n\n<h2><strong>La Bisbal del Pened\u00e8s refuerza su compromiso con la igualdad de g\u00e9nero en el IV F\u00f2rum de Municipis Certificats de la Asociaci\u00f3n Forgender Seal<\/strong><\/h2>\n\n\n\n<h3><strong>La alcaldesa Agn\u00e8s Ferr\u00e9 ha participado en la mesa inaugural del evento, donde ha compartido estrategias efectivas para implementar pol\u00edticas feministas en municipios peque\u00f1os<\/strong><\/h3>\n\n\n\n<p>La Bisbal del Pened\u00e8s particip\u00f3, el pasado viernes 18 de octubre, en el IV F\u00f2rum de Municipis Certificats, celebrado en La Ciba de Santa Coloma de Gramenet. El Ajuntament bisbalenc tuvo presencia por partida doble: por un lado, la alcaldesa Agn\u00e8s Ferr\u00e9 intervino en la mesa inaugural y, por otro, se formaliz\u00f3 la recepci\u00f3n de la certificaci\u00f3n SG CITY 50-50 que acredita el compromiso del municipio con la igualdad de g\u00e9nero.<\/p>\n\n\n\n<p>La alcaldesa Ferr\u00e9 asisti\u00f3 al foro acompa\u00f1ada por la concejala de Igualdad y Feminismos, Paqui Cepas, y la primera teniente de alcaldesa, Judith Vidal y particip\u00f3 en la mesa inaugural junto a destacadas personalidades como la Hble. Sra. Eva Menor, consellera de Igualtat i Feminisme, y la Sra. Meritxell Bud\u00f3, alcaldesa de la Garriga y presidenta de la Associaci\u00f3 Catalana de Municipis (ACM), entre otras autoridades. Durante su intervenci\u00f3n, Ferr\u00e9 comparti\u00f3 estrategias efectivas para implementar pol\u00edticas feministas en municipios peque\u00f1os, destacando iniciativas exitosas como los murales conmemorativos del 8M, las sesiones de empoderamiento femenino y la colaboraci\u00f3n con comercios locales en la lucha contra la violencia de g\u00e9nero. La alcaldesa Agn\u00e8s Ferr\u00e9 ha explicado que <em>&#8220;es un placer y un honor que cuenten con La Bisbal del Pened\u00e8s para hablar de igualdad en los municipios&#8221;.<\/em><\/p>\n\n\n\n<p><strong>Certificaci\u00f3n SG CITY 50-50<\/strong><\/p>\n\n\n\n<p>Durante el acto, la Sra. Marta Macias, presidenta de la Associaci\u00f3 Forgender Seal, entreg\u00f3 formalmente la certificaci\u00f3n SG CITY 50-50 (nivel avanzado) al Ajuntament de La Bisbal del Pened\u00e8s. Esta distinci\u00f3n, obtenida en febrero de 2024, certifica la integraci\u00f3n de la perspectiva de g\u00e9nero en la organizaci\u00f3n y en las pol\u00edticas municipales, con validez hasta noviembre de 2025.<\/p>\n\n\n\n<p>La certificaci\u00f3n SG CITY 50-50, primera de \u00e1mbito internacional en su tipolog\u00eda, avala:<\/p>\n\n\n\n<ul><li>El compromiso del gobierno municipal por la igualdad de g\u00e9nero<\/li><li>La mejora de las competencias de gesti\u00f3n municipal<\/li><li>La potenciaci\u00f3n de capacidades t\u00e9cnicas y pol\u00edticas hacia la igualdad<\/li><li>La integraci\u00f3n de la perspectiva de g\u00e9nero en las pol\u00edticas p\u00fablicas<\/li><li>La promoci\u00f3n de programas sociales para la realizaci\u00f3n de derechos<\/li><\/ul>\n\n\n\n<p>La concejala de igualdad, Paqui Cepas ha destacado la importancia del foro como espacio de trabajo en red y creaci\u00f3n de sinergias: <em>&#8220;es un foro muy enriquecedor, fomentando el networking, el conocimiento y la creaci\u00f3n de empat\u00eda entre las personas participantes&#8221;.<\/em><\/p>\n\n\n\n<p>Esta certificaci\u00f3n, dise\u00f1ada seg\u00fan competencias municipales y normativas nacionales e internacionales, est\u00e1 alineada con la Agenda 2023, la Nueva Agenda Urbana y los Objetivos de Desarrollo Sostenible de las Naciones Unidas, reafirmando el compromiso de La Bisbal del Pened\u00e8s con la construcci\u00f3n de una sociedad m\u00e1s igualitaria.<\/p>\n\n\n\n<p>La asociaci\u00f3n Forgender Seal es una entidad sin \u00e1nimo de lucro que tiene como prop\u00f3sito crear sistemas de gesti\u00f3n de g\u00e9nero que favorezcan la construcci\u00f3n de sociedades m\u00e1s justas e igualitarias, propongan democracias m\u00e1s participativas y paritarias y generen convicci\u00f3n y determinaci\u00f3n pol\u00edtica a favor de la igualdad. La asociaci\u00f3n cuenta con el apoyo de l&#8217;Institut Catal\u00e0 de les Dones y el Consell Insular de Mallorca y apoya los Objetivos de Desarrollo Sostenible de las Naciones Unidas.<\/p>\n","protected":false},"excerpt":{"rendered":"<p>L\u2019alcaldessa Agn\u00e8s Ferr\u00e9 ha participat en la taula inaugural de l\u2019esdeveniment, on ha compartit estrat\u00e8gies efectives per implementar pol\u00edtiques feministes en municipis petits La Bisbal del Pened\u00e8s va participar, el &hellip; <a href=\"https:\/\/bisbalpenedes.com\/web\/2024\/10\/23\/la-bisbal-del-penedes-reforca-el-seu-compromis-amb-la-igualtat-de-genere-al-iv-forum-de-municipis-certificats-de-lassociacio-forgender-seal\/\" class=\"more-link\">Read More<\/a><\/p>\n","protected":false},"author":4,"featured_media":32059,"comment_status":"closed","ping_status":"closed","sticky":false,"template":"","format":"standard","meta":[],"categories":[6120,8],"tags":[1151,2092,3644,6124,6123,6880,393,6485],"_links":{"self":[{"href":"https:\/\/bisbalpenedes.com\/web\/wp-json\/wp\/v2\/posts\/32057"}],"collection":[{"href":"https:\/\/bisbalpenedes.com\/web\/wp-json\/wp\/v2\/posts"}],"about":[{"href":"https:\/\/bisbalpenedes.com\/web\/wp-json\/wp\/v2\/types\/post"}],"author":[{"embeddable":true,"href":"https:\/\/bisbalpenedes.com\/web\/wp-json\/wp\/v2\/users\/4"}],"replies":[{"embeddable":true,"href":"https:\/\/bisbalpenedes.com\/web\/wp-json\/wp\/v2\/comments?post=32057"}],"version-history":[{"count":1,"href":"https:\/\/bisbalpenedes.com\/web\/wp-json\/wp\/v2\/posts\/32057\/revisions"}],"predecessor-version":[{"id":32063,"href":"https:\/\/bisbalpenedes.com\/web\/wp-json\/wp\/v2\/posts\/32057\/revisions\/32063"}],"wp:featuredmedia":[{"embeddable":true,"href":"https:\/\/bisbalpenedes.com\/web\/wp-json\/wp\/v2\/media\/32059"}],"wp:attachment":[{"href":"https:\/\/bisbalpenedes.com\/web\/wp-json\/wp\/v2\/media?parent=32057"}],"wp:term":[{"taxonomy":"category","embeddable":true,"href":"https:\/\/bisbalpenedes.com\/web\/wp-json\/wp\/v2\/categories?post=32057"},{"taxonomy":"post_tag","embeddable":true,"href":"https:\/\/bisbalpenedes.com\/web\/wp-json\/wp\/v2\/tags?post=32057"}],"curies":[{"name":"wp","href":"https:\/\/api.w.org\/{rel}","templated":true}]}}