{"id":32054,"date":"2024-10-23T14:34:59","date_gmt":"2024-10-23T12:34:59","guid":{"rendered":"https:\/\/bisbalpenedes.com\/web\/?p=32054"},"modified":"2024-10-23T14:34:59","modified_gmt":"2024-10-23T12:34:59","slug":"lajuntament-de-la-bisbal-del-penedes-rep-una-subvencio-del-742-de-la-inversio-necessaria-per-recuperar-el-pou-vell-del-priorat","status":"publish","type":"post","link":"https:\/\/bisbalpenedes.com\/web\/2024\/10\/23\/lajuntament-de-la-bisbal-del-penedes-rep-una-subvencio-del-742-de-la-inversio-necessaria-per-recuperar-el-pou-vell-del-priorat\/","title":{"rendered":"<strong>L\u2019Ajuntament de la Bisbal del Pened\u00e8s rep una subvenci\u00f3 del 74,2% de la inversi\u00f3 necess\u00e0ria per recuperar el pou vell del Priorat<\/strong>"},"content":{"rendered":"\n<p>L\u2019Ajuntament de la Bisbal del Pened\u00e8s est\u00e0 treballant per recuperar el pou vell del Priorat amb l\u2019objectiu de recuperar la captaci\u00f3 d\u2019aig\u00fces subterr\u00e0nies que havia format part del servei municipal d\u2019abastament i que es troba fora de servei actualment. Aix\u00ed, es podria incrementar la captaci\u00f3 del conjunt de pous Priorat Nucli \u2013 Many\u00e9.<\/p>\n\n\n\n<p>En l\u2019actualitat, l\u2019equip de govern est\u00e0 treballant en el projecte i t\u00e9 previst executar-lo durant el 2025. Per aquest motiu, mesos enrere va sol\u00b7licitar una subvenci\u00f3 a l\u2019Ag\u00e8ncia Catalana de l\u2019Aigua (ACA) amb l\u2019objectiu d\u2019aconseguir fons per tirar endavant aquesta inversi\u00f3. El passat mes de setembre, l\u2019ACA va concedir a l\u2019Ajuntament de la Bisbal del Pened\u00e8s una subvenci\u00f3 de 83.620,17\u20ac, la qual suposa un 74,20% de la inversi\u00f3 total prevista per a l\u2019execuci\u00f3 d\u2019aquestes actuacions, que ascendeix a 112.695,65\u20ac. Concretament, la subvenci\u00f3 es promou des del Departament d\u2019Acci\u00f3 Clim\u00e0tica, Alimentaci\u00f3 i Agenda Rural i \u00e9s per a la realitzaci\u00f3 d\u2019inversions, per a la recuperaci\u00f3, rehabilitaci\u00f3, adequaci\u00f3 i execuci\u00f3 de captacions d\u2019aig\u00fces subterr\u00e0nies per a l\u2019abastament.<\/p>\n\n\n\n<p>La recuperaci\u00f3 del pou vell del Priorat forma part del Pla Director del servei d\u2019aigua, aprovat el 2022.<\/p>\n\n\n\n<hr class=\"wp-block-separator has-alpha-channel-opacity\"\/>\n\n\n\n<p><strong>El Ajuntament de La Bisbal del Pened\u00e8s recibe una subvenci\u00f3n del 74,2% de la inversi\u00f3n necesaria para recuperar el pozo viejo del Priorat<\/strong><\/p>\n\n\n\n<p>El Ajuntament de La Bisbal del Pened\u00e8s est\u00e1 trabajando para recuperar el pozo viejo del Priorat con el objetivo de recuperar la captaci\u00f3n de aguas subterr\u00e1neas que hab\u00eda formado parte del servicio municipal de abastecimiento y que se encuentra fuera de servicio actualmente. As\u00ed, se podr\u00eda incrementar la captaci\u00f3n del conjunto de pozos Priorat N\u00facleo \u2013 Many\u00e9.<\/p>\n\n\n\n<p>En la actualidad, el equipo de gobierno est\u00e1 trabajando en el proyecto y tiene previsto ejecutarlo durante el 2025. Por este motivo, meses atr\u00e1s solicit\u00f3 una subvenci\u00f3n a la Ag\u00e8ncia Catalana de l\u2019Aigua (ACA) con el objetivo de conseguir fondos para llevar adelante esta inversi\u00f3n. El pasado mes de septiembre, la ACA concedi\u00f3 al Ajuntament de La Bisbal del Pened\u00e8s una subvenci\u00f3n de 83.620,17\u20ac, la cual supone un 74,20% de la inversi\u00f3n total prevista para la ejecuci\u00f3n de estas actuaciones, que asciende a 112.695,65\u20ac. Concretamente, la subvenci\u00f3n se promueve desde el Departament d\u2019Acci\u00f3n Clim\u00e0tica, Alimentaci\u00f3 i Agenda Rural y es para la realizaci\u00f3n de inversiones, para la recuperaci\u00f3n, rehabilitaci\u00f3n, adecuaci\u00f3n y ejecuci\u00f3n de captaciones de aguas subterr\u00e1neas para el abastecimiento.<\/p>\n\n\n\n<p>La recuperaci\u00f3n del pozo viejo del Priorat forma parte del Plan Director del servicio de agua, aprobado en 2022.<\/p>\n","protected":false},"excerpt":{"rendered":"<p>L\u2019Ajuntament de la Bisbal del Pened\u00e8s est\u00e0 treballant per recuperar el pou vell del Priorat amb l\u2019objectiu de recuperar la captaci\u00f3 d\u2019aig\u00fces subterr\u00e0nies que havia format part del servei municipal &hellip; <a href=\"https:\/\/bisbalpenedes.com\/web\/2024\/10\/23\/lajuntament-de-la-bisbal-del-penedes-rep-una-subvencio-del-742-de-la-inversio-necessaria-per-recuperar-el-pou-vell-del-priorat\/\" class=\"more-link\">Read More<\/a><\/p>\n","protected":false},"author":4,"featured_media":32055,"comment_status":"closed","ping_status":"closed","sticky":false,"template":"","format":"standard","meta":[],"categories":[8,3208,3352],"tags":[459,393,1374,275,520,99],"_links":{"self":[{"href":"https:\/\/bisbalpenedes.com\/web\/wp-json\/wp\/v2\/posts\/32054"}],"collection":[{"href":"https:\/\/bisbalpenedes.com\/web\/wp-json\/wp\/v2\/posts"}],"about":[{"href":"https:\/\/bisbalpenedes.com\/web\/wp-json\/wp\/v2\/types\/post"}],"author":[{"embeddable":true,"href":"https:\/\/bisbalpenedes.com\/web\/wp-json\/wp\/v2\/users\/4"}],"replies":[{"embeddable":true,"href":"https:\/\/bisbalpenedes.com\/web\/wp-json\/wp\/v2\/comments?post=32054"}],"version-history":[{"count":1,"href":"https:\/\/bisbalpenedes.com\/web\/wp-json\/wp\/v2\/posts\/32054\/revisions"}],"predecessor-version":[{"id":32056,"href":"https:\/\/bisbalpenedes.com\/web\/wp-json\/wp\/v2\/posts\/32054\/revisions\/32056"}],"wp:featuredmedia":[{"embeddable":true,"href":"https:\/\/bisbalpenedes.com\/web\/wp-json\/wp\/v2\/media\/32055"}],"wp:attachment":[{"href":"https:\/\/bisbalpenedes.com\/web\/wp-json\/wp\/v2\/media?parent=32054"}],"wp:term":[{"taxonomy":"category","embeddable":true,"href":"https:\/\/bisbalpenedes.com\/web\/wp-json\/wp\/v2\/categories?post=32054"},{"taxonomy":"post_tag","embeddable":true,"href":"https:\/\/bisbalpenedes.com\/web\/wp-json\/wp\/v2\/tags?post=32054"}],"curies":[{"name":"wp","href":"https:\/\/api.w.org\/{rel}","templated":true}]}}