{"id":32049,"date":"2024-10-22T16:27:23","date_gmt":"2024-10-22T14:27:23","guid":{"rendered":"https:\/\/bisbalpenedes.com\/web\/?p=32049"},"modified":"2024-10-22T16:27:23","modified_gmt":"2024-10-22T14:27:23","slug":"la-bisbal-del-penedes-ha-acollit-un-seminari-pioner-sobre-logistica-etica-i-certificacio-del-carregador-responsable","status":"publish","type":"post","link":"https:\/\/bisbalpenedes.com\/web\/2024\/10\/22\/la-bisbal-del-penedes-ha-acollit-un-seminari-pioner-sobre-logistica-etica-i-certificacio-del-carregador-responsable\/","title":{"rendered":"<strong>La Bisbal del Pened\u00e8s ha acollit un seminari pioner sobre log\u00edstica \u00e8tica i certificaci\u00f3 del carregador responsable<\/strong>"},"content":{"rendered":"\n<p>El passat dimarts 15 d&#8217;octubre, l&#8217;auditori del Centre Municipal de Cultura (CMC) de la Bisbal del Pened\u00e8s va acollir un important seminari centrat en la millora de la competitivitat empresarial a trav\u00e9s de la log\u00edstica \u00e8tica i la certificaci\u00f3 del carregador responsable. L&#8217;esdeveniment, organitzat pel programa Treball a Comarques en col\u00b7laboraci\u00f3 amb el Consell Comarcal del Baix Pened\u00e8s i els ajuntaments del Vendrell i Calafell, va comptar amb la participaci\u00f3 d&#8217;experts del sector i representants d&#8217;empreses capdavanteres.<\/p>\n\n\n\n<p>El ponent principal, Jordi Esp\u00edn, secretari general de Transprime Spanish Shippers\u2019 Council, va introduir la nova Directiva Europea CS3D, que marca un abans i un despr\u00e9s en la manera d&#8217;abordar la sostenibilitat empresarial. Aquesta normativa va m\u00e9s enll\u00e0 del simple c\u00e0lcul d&#8217;emissions, posant l&#8217;accent en la responsabilitat social de les empreses i la resili\u00e8ncia de les cadenes de valor.<\/p>\n\n\n\n<p>Un dels punts destacats del seminari va ser la presentaci\u00f3 de la Certificaci\u00f3 del Carregador Responsable (CCR), una acreditaci\u00f3 innovadora i \u00fanica impulsada per TRANSPRIME Spanish Shippers&#8217; Council amb el suport de l&#8217;European Shippers&#8217; Council. Aquesta certificaci\u00f3 es basa en els valors universals del Manifest Charter i no se solapa amb cap altra d\u2019existent. El distintiu valida que les empreses fabricants tenen cura de la cadena de subministrament sota el nou marc de log\u00edstica \u00e8tica, assegurant un tracte adequat als conductors i treballadors implicats en l&#8217;activitat log\u00edstica. Aix\u00ed, el Certificat de Carregador responsable t\u00e9 un doble objectiu: d\u2019una banda determinar est\u00e0ndards de bones pr\u00e0ctiques per millorar les operacions i la competitivitat de les empreses i de l\u2019altra servir de segell distintiu per a aquelles empreses (grans corporacions i PIMEs) que ja tenen integrades les bones pr\u00e0ctiques en la cadena de transport. Durant el seminari, la sra. Cristina Dur\u00e1n, responsable de log\u00edstica del grup Freixenet, va compartir l&#8217;experi\u00e8ncia de la seva empresa en l&#8217;obtenci\u00f3 d&#8217;aquesta certificaci\u00f3, oferint als assistents una visi\u00f3 pr\u00e0ctica dels beneficis i reptes que comporta.<\/p>\n\n\n\n<p>L\u2019alcaldessa i responsable de l\u2019\u00e0rea d\u2019Ocupaci\u00f3 de l&#8217;Ajuntament de la Bisbal del Pened\u00e8s, Agn\u00e8s Ferr\u00e9, ha valorat molt positivament la celebraci\u00f3 d&#8217;aquest seminari al municipi, destacant la seva import\u00e0ncia per al teixit empresarial local: <em>&#8220;estem molt satisfets d&#8217;haver acollit aquest esdeveniment, que contribueix a situar la Bisbal del Pened\u00e8s com a referent en innovaci\u00f3 i sostenibilitat empresarial&#8221;.<\/em><\/p>\n\n\n\n<p>L&#8217;\u00e8xit d&#8217;aquesta jornada ha motivat l&#8217;organitzaci\u00f3 de futures sessions m\u00e9s espec\u00edfiques, amb l&#8217;objectiu d&#8217;ajudar les empreses locals a implementar aquestes bones pr\u00e0ctiques. Cal destacar que una empresa dels parcs empresarials de la Bisbal ja est\u00e0 treballant per aconseguir aquesta prestigiosa certificaci\u00f3.<\/p>\n\n\n\n<p>Des de l&#8217;Ajuntament de la Bisbal del Pened\u00e8s, reafirmem el nostre comprom\u00eds amb el desenvolupament sostenible i la competitivitat del teixit empresarial local, i animem les empreses dels parcs empresarials del municipi a informar-se sobre aquesta certificaci\u00f3 i els beneficis que pot aportar a la seva activitat.<\/p>\n\n\n\n<hr class=\"wp-block-separator has-alpha-channel-opacity\"\/>\n\n\n\n<p><strong>CASTELLANO |<\/strong>&nbsp;El pasado martes 15 de octubre, el auditorio del Centre Municipal de Cultura (CMC) de la Bisbal del Pened\u00e8s acogi\u00f3 un importante seminario centrado en la mejora de la competitividad empresarial a trav\u00e9s de la log\u00edstica \u00e9tica y la certificaci\u00f3n del cargador responsable. El evento, organizado por el programa Treball a Comarques en colaboraci\u00f3n con el Consell Comarcal del Baix Pened\u00e8s y los ayuntamientos del Vendrell y Calafell, cont\u00f3 con la participaci\u00f3n de expertos del sector y representantes de empresas l\u00edderes.<\/p>\n\n\n\n<p>El ponente principal, Jordi Esp\u00edn, secretario general de Transprime Spanish Shippers&#8217; Council, introdujo la nueva Directiva Europea CS3D, que marca un antes y un despu\u00e9s en la manera de abordar la sostenibilidad empresarial. Esta normativa va m\u00e1s all\u00e1 del simple c\u00e1lculo de emisiones, poniendo el acento en la responsabilidad social de las empresas y la resiliencia de las cadenas de valor.<\/p>\n\n\n\n<p>Uno de los puntos destacados del seminario fue la presentaci\u00f3n de la Certificaci\u00f3n del Cargador Responsable (CCR), una acreditaci\u00f3n innovadora y \u00fanica impulsada por TRANSPRIME Spanish Shippers&#8217; Council con el apoyo del European Shippers&#8217; Council. Esta certificaci\u00f3n se basa en los valores universales del Manifiesto Charter y no se solapa con ninguna otra existente. El distintivo valida que las empresas fabricantes cuidan la cadena de suministro bajo el nuevo marco de log\u00edstica \u00e9tica, asegurando un trato adecuado a los conductores y trabajadores implicados en la actividad log\u00edstica. As\u00ed, el Certificado de Cargador Responsable tiene un doble objetivo: por un lado determinar est\u00e1ndares de buenas pr\u00e1cticas para mejorar las operaciones y la competitividad de las empresas y por otro servir de sello distintivo para aquellas empresas (grandes corporaciones y PYMES) que ya tienen integradas las buenas pr\u00e1cticas en la cadena de transporte. Durante el seminario, la sra. Cristina Dur\u00e1n, responsable de log\u00edstica del grupo Freixenet, comparti\u00f3 la experiencia de su empresa en la obtenci\u00f3n de esta certificaci\u00f3n, ofreciendo a los asistentes una visi\u00f3n pr\u00e1ctica de los beneficios y retos que conlleva.<\/p>\n\n\n\n<p>La alcaldesa y responsable del \u00e1rea de Ocupaci\u00f3n del Ajuntament de la Bisbal del Pened\u00e8s, Agn\u00e8s Ferr\u00e9, ha valorado muy positivamente la celebraci\u00f3n de este seminario en el municipio, destacando su importancia para el tejido empresarial local: <em>&#8220;estamos muy satisfechos de haber acogido este evento, que contribuye a situar la Bisbal del Pened\u00e8s como referente en innovaci\u00f3n y sostenibilidad empresarial&#8221;.<\/em><\/p>\n\n\n\n<p>El \u00e9xito de esta jornada ha motivado la organizaci\u00f3n de futuras sesiones m\u00e1s espec\u00edficas, con el objetivo de ayudar a las empresas locales a implementar estas buenas pr\u00e1cticas. Cabe destacar que una empresa de los parques empresariales de la Bisbal ya est\u00e1 trabajando para conseguir esta prestigiosa certificaci\u00f3n.<\/p>\n\n\n\n<p>Desde el Ajuntament de la Bisbal del Pened\u00e8s, reafirmamos nuestro compromiso con el desarrollo sostenible y la competitividad del tejido empresarial local, y animamos a las empresas de los parques empresariales del municipio a informarse sobre esta certificaci\u00f3n y los beneficios que puede aportar a su actividad.<\/p>\n","protected":false},"excerpt":{"rendered":"<p>El passat dimarts 15 d&#8217;octubre, l&#8217;auditori del Centre Municipal de Cultura (CMC) de la Bisbal del Pened\u00e8s va acollir un important seminari centrat en la millora de la competitivitat empresarial &hellip; <a href=\"https:\/\/bisbalpenedes.com\/web\/2024\/10\/22\/la-bisbal-del-penedes-ha-acollit-un-seminari-pioner-sobre-logistica-etica-i-certificacio-del-carregador-responsable\/\" class=\"more-link\">Read More<\/a><\/p>\n","protected":false},"author":4,"featured_media":32050,"comment_status":"closed","ping_status":"closed","sticky":false,"template":"","format":"standard","meta":[],"categories":[8,9],"tags":[459,6879,393,644,1374],"_links":{"self":[{"href":"https:\/\/bisbalpenedes.com\/web\/wp-json\/wp\/v2\/posts\/32049"}],"collection":[{"href":"https:\/\/bisbalpenedes.com\/web\/wp-json\/wp\/v2\/posts"}],"about":[{"href":"https:\/\/bisbalpenedes.com\/web\/wp-json\/wp\/v2\/types\/post"}],"author":[{"embeddable":true,"href":"https:\/\/bisbalpenedes.com\/web\/wp-json\/wp\/v2\/users\/4"}],"replies":[{"embeddable":true,"href":"https:\/\/bisbalpenedes.com\/web\/wp-json\/wp\/v2\/comments?post=32049"}],"version-history":[{"count":1,"href":"https:\/\/bisbalpenedes.com\/web\/wp-json\/wp\/v2\/posts\/32049\/revisions"}],"predecessor-version":[{"id":32051,"href":"https:\/\/bisbalpenedes.com\/web\/wp-json\/wp\/v2\/posts\/32049\/revisions\/32051"}],"wp:featuredmedia":[{"embeddable":true,"href":"https:\/\/bisbalpenedes.com\/web\/wp-json\/wp\/v2\/media\/32050"}],"wp:attachment":[{"href":"https:\/\/bisbalpenedes.com\/web\/wp-json\/wp\/v2\/media?parent=32049"}],"wp:term":[{"taxonomy":"category","embeddable":true,"href":"https:\/\/bisbalpenedes.com\/web\/wp-json\/wp\/v2\/categories?post=32049"},{"taxonomy":"post_tag","embeddable":true,"href":"https:\/\/bisbalpenedes.com\/web\/wp-json\/wp\/v2\/tags?post=32049"}],"curies":[{"name":"wp","href":"https:\/\/api.w.org\/{rel}","templated":true}]}}