{"id":32044,"date":"2024-10-01T14:34:00","date_gmt":"2024-10-01T12:34:00","guid":{"rendered":"https:\/\/bisbalpenedes.com\/web\/?p=32044"},"modified":"2024-11-29T11:24:24","modified_gmt":"2024-11-29T09:24:24","slug":"comencen-els-treballs-de-creacio-de-noves-franges-forestals-a-la-pineda-de-santa-cristina-i-de-manteniment-de-les-existents-a-can-gordei-i-lesplai","status":"publish","type":"post","link":"https:\/\/bisbalpenedes.com\/web\/2024\/10\/01\/comencen-els-treballs-de-creacio-de-noves-franges-forestals-a-la-pineda-de-santa-cristina-i-de-manteniment-de-les-existents-a-can-gordei-i-lesplai\/","title":{"rendered":"Comencen els treballs de creaci\u00f3 de noves franges forestals a la Pineda de Santa Cristina i de manteniment de les existents a Can Gordei i l&#8217;Esplai"},"content":{"rendered":"\n<p>Comencen els treballs per crear noves franges forestals a la Pineda de Santa Cristina.<\/p>\n\n\n\n<p>Properament tamb\u00e9 es far\u00e0 el manteniment de les franges ja existents a l&#8217;Esplai i Can Gordei. Els treballs els du a terme l\u2019empresa adjudicat\u00e0ria del contracte, Treballs Forestals Presegue SL.<\/p>\n\n\n\n<p>Seguim treballant per la prevenci\u00f3 d&#8217;incendis i la seguretat del nostre entorn natural.<\/p>\n\n\n\n<hr class=\"wp-block-separator has-alpha-channel-opacity\"\/>\n\n\n\n<p><strong>CASTELLANO<\/strong> | \u00a1Empiezan los trabajos para crear nuevas franjas forestales en la Pineda de Santa Cristina.<\/p>\n\n\n\n<p>Pr\u00f3ximamente tambi\u00e9n se realizar\u00e1 el mantenimiento de las franjas ya existentes en l&#8217;Esplai y Can Gordei. Los trabajos los lleva a cabo la empresa adjudicataria del contrato, Treballs Forestals Presegue SL.<\/p>\n\n\n\n<p>\u00a1Seguimos trabajando por la prevenci\u00f3n de incendios y la seguridad de nuestro entorno natural.<\/p>\n","protected":false},"excerpt":{"rendered":"<p>Comencen els treballs per crear noves franges forestals a la Pineda de Santa Cristina. Properament tamb\u00e9 es far\u00e0 el manteniment de les franges ja existents a l&#8217;Esplai i Can Gordei. &hellip; <a href=\"https:\/\/bisbalpenedes.com\/web\/2024\/10\/01\/comencen-els-treballs-de-creacio-de-noves-franges-forestals-a-la-pineda-de-santa-cristina-i-de-manteniment-de-les-existents-a-can-gordei-i-lesplai\/\" class=\"more-link\">Read More<\/a><\/p>\n","protected":false},"author":4,"featured_media":32046,"comment_status":"closed","ping_status":"closed","sticky":false,"template":"","format":"standard","meta":[],"categories":[4287,32,8],"tags":[459,393,1374],"_links":{"self":[{"href":"https:\/\/bisbalpenedes.com\/web\/wp-json\/wp\/v2\/posts\/32044"}],"collection":[{"href":"https:\/\/bisbalpenedes.com\/web\/wp-json\/wp\/v2\/posts"}],"about":[{"href":"https:\/\/bisbalpenedes.com\/web\/wp-json\/wp\/v2\/types\/post"}],"author":[{"embeddable":true,"href":"https:\/\/bisbalpenedes.com\/web\/wp-json\/wp\/v2\/users\/4"}],"replies":[{"embeddable":true,"href":"https:\/\/bisbalpenedes.com\/web\/wp-json\/wp\/v2\/comments?post=32044"}],"version-history":[{"count":2,"href":"https:\/\/bisbalpenedes.com\/web\/wp-json\/wp\/v2\/posts\/32044\/revisions"}],"predecessor-version":[{"id":32447,"href":"https:\/\/bisbalpenedes.com\/web\/wp-json\/wp\/v2\/posts\/32044\/revisions\/32447"}],"wp:featuredmedia":[{"embeddable":true,"href":"https:\/\/bisbalpenedes.com\/web\/wp-json\/wp\/v2\/media\/32046"}],"wp:attachment":[{"href":"https:\/\/bisbalpenedes.com\/web\/wp-json\/wp\/v2\/media?parent=32044"}],"wp:term":[{"taxonomy":"category","embeddable":true,"href":"https:\/\/bisbalpenedes.com\/web\/wp-json\/wp\/v2\/categories?post=32044"},{"taxonomy":"post_tag","embeddable":true,"href":"https:\/\/bisbalpenedes.com\/web\/wp-json\/wp\/v2\/tags?post=32044"}],"curies":[{"name":"wp","href":"https:\/\/api.w.org\/{rel}","templated":true}]}}