{"id":32024,"date":"2024-10-21T13:11:47","date_gmt":"2024-10-21T11:11:47","guid":{"rendered":"https:\/\/bisbalpenedes.com\/web\/?p=32024"},"modified":"2024-10-21T13:11:47","modified_gmt":"2024-10-21T11:11:47","slug":"la-tecnica-docupacio-acompanya-diversos-usuaris-del-som-bisbal-a-la-3a-job-dating-pirineus-costa-daurada","status":"publish","type":"post","link":"https:\/\/bisbalpenedes.com\/web\/2024\/10\/21\/la-tecnica-docupacio-acompanya-diversos-usuaris-del-som-bisbal-a-la-3a-job-dating-pirineus-costa-daurada\/","title":{"rendered":"La t\u00e8cnica d&#8217;Ocupaci\u00f3 acompanya diversos usuaris del SOM Bisbal a la 3a Job Dating Pirineus-Costa Daurada"},"content":{"rendered":"\n<p>Avui dilluns 21 d&#8217;octubre la t\u00e8cnica d\u2019Ocupaci\u00f3 de l\u2019Ajuntament de la Bisbal del Pened\u00e8s ha acompanyat diversos usuaris del <a href=\"https:\/\/www.facebook.com\/sombisbal?__cft__[0]=AZW6GuwwLbElHk8Pk9q0oRpVDdf57Ukq0rzdcZrjkS2peo6lZnSq0pyDVQGQ-F0Qooj7G3gbyEV5RoDHa0Befg_WdYLhRoOjk0WpeltPv_2rtzbsFVHF8j0SPwRMSNMQrJGBjDcCy5m51BJtj5BX--av&amp;__tn__=-]K-R\">SOM Bisbal<\/a> a la tercera edici\u00f3 del Job Dating Pirineus-Costa Daurada, que t\u00e9 lloc avui dilluns a l\u2019Espai Tabacalera de Tarragona.<\/p>\n\n\n\n<p>Aquest esdeveniment, organitzat des del Servei P\u00fablic d\u2019Ocupaci\u00f3 de Catalunya amb la col\u00b7laboraci\u00f3 de l\u2019Ajuntament de Tarragona, t\u00e9 per objectiu que les persones que finalitzen la temporada d\u2019estiu a la Costa Daurada puguin optar a nous llocs de feina del sector turisme, restauraci\u00f3 i hostaleria als Pirineus.<\/p>\n\n\n\n<hr class=\"wp-block-separator has-alpha-channel-opacity\"\/>\n\n\n\n<p>Hoy lunes 21 de octubre la t\u00e9cnica de Ocupaci\u00f3n del Ajuntament de la Bisbal del Pened\u00e8s ha acompa\u00f1ado varios usuarios del SOM Bisbal a la tercera edici\u00f3n del Job Dating Pirineus-Costa Daurada, que tiene lugar hoy lunes en el Espai Tabacalera de Tarragona.<\/p>\n\n\n\n<p>Este acontecimiento, organizado desde el Servei P\u00fablic d\u2019Ocupaci\u00f3 de Tarragona con la colaboraci\u00f3n del Ajuntament de Tarragona, tiene por objetivo que las personas que finalizan la temporada de verano a la Costa Daurada puedan optar a nuevos lugares de trabajo del sector turismo, restauraci\u00f3n y hosteler\u00eda en los Pirineos.<\/p>\n","protected":false},"excerpt":{"rendered":"<p>Avui dilluns 21 d&#8217;octubre la t\u00e8cnica d\u2019Ocupaci\u00f3 de l\u2019Ajuntament de la Bisbal del Pened\u00e8s ha acompanyat diversos usuaris del SOM Bisbal a la tercera edici\u00f3 del Job Dating Pirineus-Costa Daurada, &hellip; <a href=\"https:\/\/bisbalpenedes.com\/web\/2024\/10\/21\/la-tecnica-docupacio-acompanya-diversos-usuaris-del-som-bisbal-a-la-3a-job-dating-pirineus-costa-daurada\/\" class=\"more-link\">Read More<\/a><\/p>\n","protected":false},"author":4,"featured_media":32025,"comment_status":"closed","ping_status":"closed","sticky":false,"template":"","format":"standard","meta":[],"categories":[8,9],"tags":[6874,41,393],"_links":{"self":[{"href":"https:\/\/bisbalpenedes.com\/web\/wp-json\/wp\/v2\/posts\/32024"}],"collection":[{"href":"https:\/\/bisbalpenedes.com\/web\/wp-json\/wp\/v2\/posts"}],"about":[{"href":"https:\/\/bisbalpenedes.com\/web\/wp-json\/wp\/v2\/types\/post"}],"author":[{"embeddable":true,"href":"https:\/\/bisbalpenedes.com\/web\/wp-json\/wp\/v2\/users\/4"}],"replies":[{"embeddable":true,"href":"https:\/\/bisbalpenedes.com\/web\/wp-json\/wp\/v2\/comments?post=32024"}],"version-history":[{"count":1,"href":"https:\/\/bisbalpenedes.com\/web\/wp-json\/wp\/v2\/posts\/32024\/revisions"}],"predecessor-version":[{"id":32026,"href":"https:\/\/bisbalpenedes.com\/web\/wp-json\/wp\/v2\/posts\/32024\/revisions\/32026"}],"wp:featuredmedia":[{"embeddable":true,"href":"https:\/\/bisbalpenedes.com\/web\/wp-json\/wp\/v2\/media\/32025"}],"wp:attachment":[{"href":"https:\/\/bisbalpenedes.com\/web\/wp-json\/wp\/v2\/media?parent=32024"}],"wp:term":[{"taxonomy":"category","embeddable":true,"href":"https:\/\/bisbalpenedes.com\/web\/wp-json\/wp\/v2\/categories?post=32024"},{"taxonomy":"post_tag","embeddable":true,"href":"https:\/\/bisbalpenedes.com\/web\/wp-json\/wp\/v2\/tags?post=32024"}],"curies":[{"name":"wp","href":"https:\/\/api.w.org\/{rel}","templated":true}]}}