{"id":32014,"date":"2024-10-21T10:10:22","date_gmt":"2024-10-21T08:10:22","guid":{"rendered":"https:\/\/bisbalpenedes.com\/web\/?p=32014"},"modified":"2024-10-31T13:09:33","modified_gmt":"2024-10-31T11:09:33","slug":"no-espereu-a-lultim-moment-per-apuntar-vos-a-fer-la-carrerada-de-santa-coloma-samarretes-nomes-garantides-fins-al-27-doctubre","status":"publish","type":"post","link":"https:\/\/bisbalpenedes.com\/web\/2024\/10\/21\/no-espereu-a-lultim-moment-per-apuntar-vos-a-fer-la-carrerada-de-santa-coloma-samarretes-nomes-garantides-fins-al-27-doctubre\/","title":{"rendered":"No espereu a l&#8217;\u00faltim moment per apuntar-vos a fer la Carrerada de Santa Coloma! Samarretes nom\u00e9s garantides fins al 27 d&#8217;octubre"},"content":{"rendered":"\n<p>Divendres 1 i dissabte 2 de novembre tindr\u00e0 lloc la nova edici\u00f3 de la Carrerada de Santa Coloma al Baix Pened\u00e8s.<\/p>\n\n\n\n<p>El dissabte 2 de novembre els 2 recorreguts acaben a la Bisbal del Pened\u00e8s amb un dinar del Restaurant Ull de llebre<\/p>\n\n\n\n<p>Aquesta pot ser una bona oportunitat per no nom\u00e9s gaudir del paisatge i la gastronomia sin\u00f3 tamb\u00e9 poder veure i fotografiar l&#8217;Art Urb\u00e0 del municipi. <\/p>\n\n\n\n<p>Les inscripcions s&#8217;han de fer a <a href=\"https:\/\/www.cunit.cat\/torna-la-carrerada-santa-coloma-pel-1-de-novembre\/\"><strong>https:\/\/www.cunit.cat\/torna-la-carrerada-santa-coloma-pel-1-de-novembre\/<\/strong><\/a><\/p>\n\n\n\n<p>Samarreta t\u00e8cnica amb la inscripci\u00f3 nom\u00e9s garantida per a aquelles persones que s&#8217;hi apuntin abans del 27 d&#8217;octubre.<\/p>\n\n\n\n<hr class=\"wp-block-separator has-alpha-channel-opacity\"\/>\n\n\n\n<p><strong>CASTELLANO |<\/strong>&nbsp;Viernes 1 y s\u00e1bado 2 de noviembre tendr\u00e1 lugar la nueva edici\u00f3n de la Carrerada de Santa Coloma en el Baix Pened\u00e8s.<\/p>\n\n\n\n<p>El s\u00e1bado 2 de noviembre los 2 recorridos terminan en La Bisbal del Pened\u00e8s con una comida del Restaurante Ull de llebre.<\/p>\n\n\n\n<p>Esta puede ser una buena oportunidad no solo para disfrutar del paisaje y la gastronom\u00eda sino tambi\u00e9n para ver y fotografiar el Arte Urbano del municipio.<\/p>\n\n\n\n<p>Las inscripciones deben hacerse en <a href=\"https:\/\/www.cunit.cat\/torna-la-carrerada-santa-coloma-pel-1-de-novembre\/\"><strong>https:\/\/www.cunit.cat\/torna-la-carrerada-santa-coloma-pel-1-de-novembre\/<\/strong><\/a><\/p>\n\n\n\n<p>Camiseta t\u00e9cnica con la inscripci\u00f3n solo garantizada para aquellas personas que se apunten antes del 27 de octubre.<\/p>\n","protected":false},"excerpt":{"rendered":"<p>Divendres 1 i dissabte 2 de novembre tindr\u00e0 lloc la nova edici\u00f3 de la Carrerada de Santa Coloma al Baix Pened\u00e8s. El dissabte 2 de novembre els 2 recorreguts acaben &hellip; <a href=\"https:\/\/bisbalpenedes.com\/web\/2024\/10\/21\/no-espereu-a-lultim-moment-per-apuntar-vos-a-fer-la-carrerada-de-santa-coloma-samarretes-nomes-garantides-fins-al-27-doctubre\/\" class=\"more-link\">Read More<\/a><\/p>\n","protected":false},"author":4,"featured_media":32015,"comment_status":"closed","ping_status":"closed","sticky":false,"template":"","format":"standard","meta":[],"categories":[8,4878],"tags":[459,6870,1374],"_links":{"self":[{"href":"https:\/\/bisbalpenedes.com\/web\/wp-json\/wp\/v2\/posts\/32014"}],"collection":[{"href":"https:\/\/bisbalpenedes.com\/web\/wp-json\/wp\/v2\/posts"}],"about":[{"href":"https:\/\/bisbalpenedes.com\/web\/wp-json\/wp\/v2\/types\/post"}],"author":[{"embeddable":true,"href":"https:\/\/bisbalpenedes.com\/web\/wp-json\/wp\/v2\/users\/4"}],"replies":[{"embeddable":true,"href":"https:\/\/bisbalpenedes.com\/web\/wp-json\/wp\/v2\/comments?post=32014"}],"version-history":[{"count":2,"href":"https:\/\/bisbalpenedes.com\/web\/wp-json\/wp\/v2\/posts\/32014\/revisions"}],"predecessor-version":[{"id":32017,"href":"https:\/\/bisbalpenedes.com\/web\/wp-json\/wp\/v2\/posts\/32014\/revisions\/32017"}],"wp:featuredmedia":[{"embeddable":true,"href":"https:\/\/bisbalpenedes.com\/web\/wp-json\/wp\/v2\/media\/32015"}],"wp:attachment":[{"href":"https:\/\/bisbalpenedes.com\/web\/wp-json\/wp\/v2\/media?parent=32014"}],"wp:term":[{"taxonomy":"category","embeddable":true,"href":"https:\/\/bisbalpenedes.com\/web\/wp-json\/wp\/v2\/categories?post=32014"},{"taxonomy":"post_tag","embeddable":true,"href":"https:\/\/bisbalpenedes.com\/web\/wp-json\/wp\/v2\/tags?post=32014"}],"curies":[{"name":"wp","href":"https:\/\/api.w.org\/{rel}","templated":true}]}}