{"id":32003,"date":"2024-10-14T12:51:33","date_gmt":"2024-10-14T10:51:33","guid":{"rendered":"https:\/\/bisbalpenedes.com\/web\/?p=32003"},"modified":"2024-10-14T12:51:33","modified_gmt":"2024-10-14T10:51:33","slug":"torna-la-carrerada-de-santa-coloma-amb-parada-i-fonda-a-la-bisbal-del-penedes-el-dissabte-2-de-novembre","status":"publish","type":"post","link":"https:\/\/bisbalpenedes.com\/web\/2024\/10\/14\/torna-la-carrerada-de-santa-coloma-amb-parada-i-fonda-a-la-bisbal-del-penedes-el-dissabte-2-de-novembre\/","title":{"rendered":"<strong>Torna La Carrerada de Santa Coloma amb parada i fonda a la Bisbal del Pened\u00e8s el dissabte 2 de novembre<\/strong>"},"content":{"rendered":"\n<p>El passat divendres 11 d\u2019octubre es va presentar la nova edici\u00f3 de la Carrerada de Santa Coloma en roda de premsa al Consell Comarcal del Baix Pened\u00e8s. El divendres 1 i el dissabte 2 de novembre tindreu l\u2019oportunitat de caminar amb el Salvador i el seu ramat pels camins ramaders del Baix Pened\u00e8s.<\/p>\n\n\n\n<p>Enguany, es podran triar tres opcions el divendres i dues el dissabte. L\u2019objectiu de l\u2019esdeveniment \u00e9s visualitzar i fer mem\u00f2ria dels camins ramaders del Pened\u00e8s, alhora que es fa valdre la feina dels pocs pastors que queden en l\u2019actualitat. Alhora, es promou el turisme a la comarca, donant a con\u00e8ixer els nostres paisatges i la nostra gastronomia. Quant a la Bisbal del Pened\u00e8s, les persones que s\u2019apuntin a l\u2019opci\u00f3 4 (Cunit \u2013 La Bisbal del Pened\u00e8s) o 5 (Bellvei \u2013 La Bisbal del Pened\u00e8s) dinaran a la nostra vila, amb una proposta gastron\u00f2mica del Restaurant Ull de Llebre i els vins de Cellers Domenys.<\/p>\n\n\n\n<p>Podeu trobar tota la informaci\u00f3 sobre les diferents opcions a triar, aqu\u00ed: <a href=\"https:\/\/www.cunit.cat\/torna-la-carrerada-santa-coloma-pel-1-de-novembre\/\">https:\/\/www.cunit.cat\/torna-la-carrerada-santa-coloma-pel-1-de-novembre\/<\/a><\/p>\n\n\n\n<p>En aquest enlla\u00e7 podeu formalitzar les inscripcions: <a href=\"http:\/\/www.inscripcions.cat\/carrerada2024\" target=\"_blank\" rel=\"noreferrer noopener\">www.inscripcions.cat\/carrerada2024<\/a><\/p>\n\n\n\n<p>L\u2019alcaldessa Agn\u00e8s Ferr\u00e9 i la regidora de Turisme i Comer\u00e7, Judith Vidal, van prendre part de la presentaci\u00f3 del passat divendres.<\/p>\n\n\n\n<figure class=\"wp-block-image size-large\"><img loading=\"lazy\" width=\"819\" height=\"1024\" src=\"https:\/\/bisbalpenedes.com\/web\/wp-content\/uploads\/2024\/10\/CARRERADA-SANTA-COLOMA-2024-819x1024.jpeg\" alt=\"\" class=\"wp-image-32005\" srcset=\"https:\/\/bisbalpenedes.com\/web\/wp-content\/uploads\/2024\/10\/CARRERADA-SANTA-COLOMA-2024-819x1024.jpeg 819w, https:\/\/bisbalpenedes.com\/web\/wp-content\/uploads\/2024\/10\/CARRERADA-SANTA-COLOMA-2024-240x300.jpeg 240w, https:\/\/bisbalpenedes.com\/web\/wp-content\/uploads\/2024\/10\/CARRERADA-SANTA-COLOMA-2024-768x960.jpeg 768w, https:\/\/bisbalpenedes.com\/web\/wp-content\/uploads\/2024\/10\/CARRERADA-SANTA-COLOMA-2024-1229x1536.jpeg 1229w, https:\/\/bisbalpenedes.com\/web\/wp-content\/uploads\/2024\/10\/CARRERADA-SANTA-COLOMA-2024-1639x2048.jpeg 1639w, https:\/\/bisbalpenedes.com\/web\/wp-content\/uploads\/2024\/10\/CARRERADA-SANTA-COLOMA-2024-600x750.jpeg 600w, https:\/\/bisbalpenedes.com\/web\/wp-content\/uploads\/2024\/10\/CARRERADA-SANTA-COLOMA-2024-scaled.jpeg 2048w\" sizes=\"(max-width: 819px) 100vw, 819px\" \/><\/figure>\n\n\n\n<hr class=\"wp-block-separator has-alpha-channel-opacity\"\/>\n\n\n\n<p><strong>Vuelve La Carrerada de Santa Coloma con parada y fonda en la Bisbal del Pened\u00e8s el s\u00e1bado 2 de noviembre<\/strong><\/p>\n\n\n\n<p>El pasado viernes 11 de octubre se present\u00f3 la nueva edici\u00f3n de la Carrerada de Santa Coloma en rueda de prensa en el Consell Comarcal del Baix Pened\u00e8s. El viernes 1 y el s\u00e1bado 2 de noviembre tendr\u00e9is la oportunidad de caminar con Salvador y su reba\u00f1o por los caminos ganaderos del Baix Pened\u00e8s.<\/p>\n\n\n\n<p>Este a\u00f1o, se podr\u00e1n elegir tres opciones el viernes y dos el s\u00e1bado. El objetivo del evento es visualizar y hacer memoria de los caminos ganaderos del Pened\u00e8s, al mismo tiempo que se pone en valor el trabajo de los pocos pastores que quedan en la actualidad. A su vez, se promueve el turismo en la comarca, dando a conocer nuestros paisajes y nuestra gastronom\u00eda. En cuanto a la Bisbal del Pened\u00e8s, las personas que se apunten a la opci\u00f3n 4 (Cunit \u2013 La Bisbal del Pened\u00e8s) o 5 (Bellvei \u2013 La Bisbal del Pened\u00e8s) comer\u00e1n en la Bisbal, con una propuesta gastron\u00f3mica del Restaurant Ull de Llebre y los vinos de Cellers Domenys.<\/p>\n\n\n\n<p>Pod\u00e9is encontrar toda la informaci\u00f3n sobre las diferentes opciones a elegir, aqu\u00ed: <a href=\"https:\/\/www.cunit.cat\/torna-la-carrerada-santa-coloma-pel-1-de-novembre\/\">https:\/\/www.cunit.cat\/torna-la-carrerada-santa-coloma-pel-1-de-novembre\/<\/a><\/p>\n\n\n\n<p>En este enlace pod\u00e9is formalizar las inscripciones: <a href=\"http:\/\/www.inscripcions.cat\/carrerada2024\">www.inscripcions.cat\/carrerada2024<\/a><\/p>\n\n\n\n<p>La alcaldesa Agn\u00e8s Ferr\u00e9 y la concejala de Turismo y Comercio, Judith Vidal, participaron en la presentaci\u00f3n del pasado viernes.<\/p>\n","protected":false},"excerpt":{"rendered":"<p>El passat divendres 11 d\u2019octubre es va presentar la nova edici\u00f3 de la Carrerada de Santa Coloma en roda de premsa al Consell Comarcal del Baix Pened\u00e8s. El divendres 1 &hellip; <a href=\"https:\/\/bisbalpenedes.com\/web\/2024\/10\/14\/torna-la-carrerada-de-santa-coloma-amb-parada-i-fonda-a-la-bisbal-del-penedes-el-dissabte-2-de-novembre\/\" class=\"more-link\">Read More<\/a><\/p>\n","protected":false},"author":4,"featured_media":32004,"comment_status":"closed","ping_status":"closed","sticky":false,"template":"","format":"standard","meta":[],"categories":[8,4878],"tags":[459,393,5953],"_links":{"self":[{"href":"https:\/\/bisbalpenedes.com\/web\/wp-json\/wp\/v2\/posts\/32003"}],"collection":[{"href":"https:\/\/bisbalpenedes.com\/web\/wp-json\/wp\/v2\/posts"}],"about":[{"href":"https:\/\/bisbalpenedes.com\/web\/wp-json\/wp\/v2\/types\/post"}],"author":[{"embeddable":true,"href":"https:\/\/bisbalpenedes.com\/web\/wp-json\/wp\/v2\/users\/4"}],"replies":[{"embeddable":true,"href":"https:\/\/bisbalpenedes.com\/web\/wp-json\/wp\/v2\/comments?post=32003"}],"version-history":[{"count":1,"href":"https:\/\/bisbalpenedes.com\/web\/wp-json\/wp\/v2\/posts\/32003\/revisions"}],"predecessor-version":[{"id":32006,"href":"https:\/\/bisbalpenedes.com\/web\/wp-json\/wp\/v2\/posts\/32003\/revisions\/32006"}],"wp:featuredmedia":[{"embeddable":true,"href":"https:\/\/bisbalpenedes.com\/web\/wp-json\/wp\/v2\/media\/32004"}],"wp:attachment":[{"href":"https:\/\/bisbalpenedes.com\/web\/wp-json\/wp\/v2\/media?parent=32003"}],"wp:term":[{"taxonomy":"category","embeddable":true,"href":"https:\/\/bisbalpenedes.com\/web\/wp-json\/wp\/v2\/categories?post=32003"},{"taxonomy":"post_tag","embeddable":true,"href":"https:\/\/bisbalpenedes.com\/web\/wp-json\/wp\/v2\/tags?post=32003"}],"curies":[{"name":"wp","href":"https:\/\/api.w.org\/{rel}","templated":true}]}}