{"id":3200,"date":"2017-09-26T12:57:22","date_gmt":"2017-09-26T06:57:22","guid":{"rendered":"http:\/\/bisbalpenedes.com\/web\/?p=3200"},"modified":"2017-09-26T12:57:22","modified_gmt":"2017-09-26T06:57:22","slug":"lajuntament-de-la-bisbal-ha-rebut-els-membres-de-lequip-de-la-joventut-bisbalenca-que-ha-ascendit-a-tercera-catalana","status":"publish","type":"post","link":"https:\/\/bisbalpenedes.com\/web\/2017\/09\/26\/lajuntament-de-la-bisbal-ha-rebut-els-membres-de-lequip-de-la-joventut-bisbalenca-que-ha-ascendit-a-tercera-catalana\/","title":{"rendered":"L\u2019Ajuntament de La Bisbal ha rebut els membres de l\u2019equip de la Joventut Bisbalenca que ha ascendit a tercera catalana"},"content":{"rendered":"<p><a href=\"http:\/\/bisbalpenedes.com\/web\/wp-content\/uploads\/2017\/09\/IMG_3117.jpg\"><img loading=\"lazy\" class=\"aligncenter size-large wp-image-3203\" src=\"http:\/\/bisbalpenedes.com\/web\/wp-content\/uploads\/2017\/09\/IMG_3117-1024x768.jpg\" alt=\"Joventut Bisbalenca Ajuntament\" width=\"630\" height=\"473\" srcset=\"https:\/\/bisbalpenedes.com\/web\/wp-content\/uploads\/2017\/09\/IMG_3117-1024x768.jpg 1024w, https:\/\/bisbalpenedes.com\/web\/wp-content\/uploads\/2017\/09\/IMG_3117-600x450.jpg 600w, https:\/\/bisbalpenedes.com\/web\/wp-content\/uploads\/2017\/09\/IMG_3117-300x225.jpg 300w, https:\/\/bisbalpenedes.com\/web\/wp-content\/uploads\/2017\/09\/IMG_3117-768x576.jpg 768w, https:\/\/bisbalpenedes.com\/web\/wp-content\/uploads\/2017\/09\/IMG_3117.jpg 2016w\" sizes=\"(max-width: 630px) 100vw, 630px\" \/><\/a><\/p>\n<p>Aquest dilluns al vespre l\u2019Ajuntament de La Bisbal ha fet una recepci\u00f3 als membres de l\u2019equip i de la junta directiva de la Joventut Bisbalenca per felicitar-los pel seu ascens a 3\u00aa Catalana. Durant l\u2019acte, que ha tingut lloc a la Sala de Plens de l\u2019Ajuntament de La Bisbal, la regidora d\u2019Esports, Leo Uceda ha felicitat els jugadors i els ha desitjat una temporada \u201cigual de bona\u201d que l\u2019anterior. El president de la Joventut Bisbalenca, Israel Gabriel Ib\u00e1\u00f1ez, ha destacat que l\u2019equip ha lluitat al m\u00e0xim per arribar on \u00e9s ara i ha volgut agrair el suport de l\u2019afici\u00f3, de l\u2019Ajuntament, dels jugadors i del seu entrenador. Quant al reconeixement i la rebuda que se\u2019ls ha fet des de l\u2019Ajuntament, el president ha explicat que \u201cha estat molt maco, aix\u00f2 no passa cada dia i pr\u00e0cticament s\u2019ha comptat amb tot l\u2019equip a la recepci\u00f3\u201d. El president ha destacat que el m\u00e9s important a l\u2019hora de plantejar la temporada actual \u00e9s que l\u2019equip \u2018fa pinya\u2019 i els jugadors estan units i ha afegit que el seu desig \u00e9s que aquesta temporada se segueixi respirant aquest clima a l\u2019equip.<br \/>\nPer la seva banda l\u2019entrenador, Ferran Junque, considera que els \u00e8xits s\u00f3n de l\u2019equip, que \u201ctot el m\u00e8rit \u00e9s d\u2019ells\u201d. Alhora ha explicat que \u201cl\u2019objectiu de l\u2019equip \u00e9s la salvaci\u00f3, tenint en compte que hem pujat de quarta a tercera catalana, l\u2019objectiu seria salvar la categoria, fer el grup fort i l\u2019any vinent pensar en altres coses\u201d. El capit\u00e0 del primer equip, Jordi Montserrat, s\u2019ha mostrat il\u00b7lusionat i ha dit que \u201cl\u2019any passat va ser un any molt \u2018xulo\u2019 per tots, vam disfrutar molt i, aquest any, tocar\u00e0 patir m\u00e9s per\u00f2 donarem la cara per La Bisbal\u201d.<\/p>\n<p><a href=\"http:\/\/bisbalpenedes.com\/web\/wp-content\/uploads\/2017\/09\/IMG_3122.jpg\"><img loading=\"lazy\" class=\"aligncenter size-large wp-image-3202\" src=\"http:\/\/bisbalpenedes.com\/web\/wp-content\/uploads\/2017\/09\/IMG_3122-1024x768.jpg\" alt=\"joventut bisbalenca brindis\" width=\"630\" height=\"473\" srcset=\"https:\/\/bisbalpenedes.com\/web\/wp-content\/uploads\/2017\/09\/IMG_3122-1024x768.jpg 1024w, https:\/\/bisbalpenedes.com\/web\/wp-content\/uploads\/2017\/09\/IMG_3122-600x450.jpg 600w, https:\/\/bisbalpenedes.com\/web\/wp-content\/uploads\/2017\/09\/IMG_3122-300x225.jpg 300w, https:\/\/bisbalpenedes.com\/web\/wp-content\/uploads\/2017\/09\/IMG_3122-768x576.jpg 768w, https:\/\/bisbalpenedes.com\/web\/wp-content\/uploads\/2017\/09\/IMG_3122.jpg 2016w\" sizes=\"(max-width: 630px) 100vw, 630px\" \/><\/a><a href=\"http:\/\/bisbalpenedes.com\/web\/wp-content\/uploads\/2017\/09\/IMG_3122.jpg\"><br \/>\n<\/a><br \/>\nL\u2019acte, que ha comen\u00e7at a les 20h del vespre, ha comptat tamb\u00e9 amb la pres\u00e8ncia de l\u2019alcaldessa de la vila, Agn\u00e8s Ferr\u00e9; la Regidora d\u2019Educaci\u00f3 i Benestar Social, Maguy Antol\u00edn; la Regidora de Cultura, Lleure i Gent Gran, Judit Vidal; el Regidor de Festes i Sanitat, Feliu Gil; i el secretari de la junta directiva de la Joventut Bisbalenca, Ferran Garcia.<\/p>\n","protected":false},"excerpt":{"rendered":"<p>Aquest dilluns al vespre l\u2019Ajuntament de La Bisbal ha fet una recepci\u00f3 als membres de l\u2019equip i de la junta directiva de la Joventut Bisbalenca per felicitar-los pel seu ascens &hellip; <a href=\"https:\/\/bisbalpenedes.com\/web\/2017\/09\/26\/lajuntament-de-la-bisbal-ha-rebut-els-membres-de-lequip-de-la-joventut-bisbalenca-que-ha-ascendit-a-tercera-catalana\/\" class=\"more-link\">Read More<\/a><\/p>\n","protected":false},"author":4,"featured_media":0,"comment_status":"closed","ping_status":"closed","sticky":false,"template":"","format":"standard","meta":[],"categories":[19],"tags":[819,820,367,345,818,817],"_links":{"self":[{"href":"https:\/\/bisbalpenedes.com\/web\/wp-json\/wp\/v2\/posts\/3200"}],"collection":[{"href":"https:\/\/bisbalpenedes.com\/web\/wp-json\/wp\/v2\/posts"}],"about":[{"href":"https:\/\/bisbalpenedes.com\/web\/wp-json\/wp\/v2\/types\/post"}],"author":[{"embeddable":true,"href":"https:\/\/bisbalpenedes.com\/web\/wp-json\/wp\/v2\/users\/4"}],"replies":[{"embeddable":true,"href":"https:\/\/bisbalpenedes.com\/web\/wp-json\/wp\/v2\/comments?post=3200"}],"version-history":[{"count":2,"href":"https:\/\/bisbalpenedes.com\/web\/wp-json\/wp\/v2\/posts\/3200\/revisions"}],"predecessor-version":[{"id":3205,"href":"https:\/\/bisbalpenedes.com\/web\/wp-json\/wp\/v2\/posts\/3200\/revisions\/3205"}],"wp:attachment":[{"href":"https:\/\/bisbalpenedes.com\/web\/wp-json\/wp\/v2\/media?parent=3200"}],"wp:term":[{"taxonomy":"category","embeddable":true,"href":"https:\/\/bisbalpenedes.com\/web\/wp-json\/wp\/v2\/categories?post=3200"},{"taxonomy":"post_tag","embeddable":true,"href":"https:\/\/bisbalpenedes.com\/web\/wp-json\/wp\/v2\/tags?post=3200"}],"curies":[{"name":"wp","href":"https:\/\/api.w.org\/{rel}","templated":true}]}}