{"id":31984,"date":"2024-10-07T12:54:08","date_gmt":"2024-10-07T10:54:08","guid":{"rendered":"https:\/\/bisbalpenedes.com\/web\/?p=31984"},"modified":"2024-10-07T12:54:08","modified_gmt":"2024-10-07T10:54:08","slug":"horari-dhivern-de-la-recollida-de-voluminosos","status":"publish","type":"post","link":"https:\/\/bisbalpenedes.com\/web\/2024\/10\/07\/horari-dhivern-de-la-recollida-de-voluminosos\/","title":{"rendered":"Horari d&#8217;hivern de la recollida de voluminosos"},"content":{"rendered":"\n<p>Des d\u2019aquest mes d\u2019octubre la recollida de voluminosos torna a fer-se de forma mensual, cada primer dilluns de mes.<\/p>\n\n\n\n<p>Us recordem que tamb\u00e9 teniu a la vostra disposici\u00f3 el Punt Verd, on podeu portar mobles i andr\u00f2mines de dilluns a dissabte.<\/p>\n\n\n\n<hr class=\"wp-block-separator has-alpha-channel-opacity\"\/>\n\n\n\n<p>Desde este mes de octubre la recogida de voluminosos vuelve a hacerse de forma mensual, cada primer lunes de mes.<\/p>\n\n\n\n<p>Os recordamos que tambi\u00e9n ten\u00e9is a vuestra disposici\u00f3n el Punt Verd, donde pod\u00e9is llevar muebles y trastos de lunes a s\u00e1bado.<\/p>\n\n\n\n<p><\/p>\n","protected":false},"excerpt":{"rendered":"<p>Des d\u2019aquest mes d\u2019octubre la recollida de voluminosos torna a fer-se de forma mensual, cada primer dilluns de mes. Us recordem que tamb\u00e9 teniu a la vostra disposici\u00f3 el Punt &hellip; <a href=\"https:\/\/bisbalpenedes.com\/web\/2024\/10\/07\/horari-dhivern-de-la-recollida-de-voluminosos\/\" class=\"more-link\">Read More<\/a><\/p>\n","protected":false},"author":4,"featured_media":31985,"comment_status":"closed","ping_status":"closed","sticky":false,"template":"","format":"standard","meta":[],"categories":[3215,8],"tags":[2606,1479,393,3052,1183],"_links":{"self":[{"href":"https:\/\/bisbalpenedes.com\/web\/wp-json\/wp\/v2\/posts\/31984"}],"collection":[{"href":"https:\/\/bisbalpenedes.com\/web\/wp-json\/wp\/v2\/posts"}],"about":[{"href":"https:\/\/bisbalpenedes.com\/web\/wp-json\/wp\/v2\/types\/post"}],"author":[{"embeddable":true,"href":"https:\/\/bisbalpenedes.com\/web\/wp-json\/wp\/v2\/users\/4"}],"replies":[{"embeddable":true,"href":"https:\/\/bisbalpenedes.com\/web\/wp-json\/wp\/v2\/comments?post=31984"}],"version-history":[{"count":1,"href":"https:\/\/bisbalpenedes.com\/web\/wp-json\/wp\/v2\/posts\/31984\/revisions"}],"predecessor-version":[{"id":31986,"href":"https:\/\/bisbalpenedes.com\/web\/wp-json\/wp\/v2\/posts\/31984\/revisions\/31986"}],"wp:featuredmedia":[{"embeddable":true,"href":"https:\/\/bisbalpenedes.com\/web\/wp-json\/wp\/v2\/media\/31985"}],"wp:attachment":[{"href":"https:\/\/bisbalpenedes.com\/web\/wp-json\/wp\/v2\/media?parent=31984"}],"wp:term":[{"taxonomy":"category","embeddable":true,"href":"https:\/\/bisbalpenedes.com\/web\/wp-json\/wp\/v2\/categories?post=31984"},{"taxonomy":"post_tag","embeddable":true,"href":"https:\/\/bisbalpenedes.com\/web\/wp-json\/wp\/v2\/tags?post=31984"}],"curies":[{"name":"wp","href":"https:\/\/api.w.org\/{rel}","templated":true}]}}