{"id":31973,"date":"2024-10-04T08:09:37","date_gmt":"2024-10-04T06:09:37","guid":{"rendered":"https:\/\/bisbalpenedes.com\/web\/?p=31973"},"modified":"2024-10-04T08:09:37","modified_gmt":"2024-10-04T06:09:37","slug":"saprova-el-padro-de-la-llar-dinfants-per-al-curs-2024-2025","status":"publish","type":"post","link":"https:\/\/bisbalpenedes.com\/web\/2024\/10\/04\/saprova-el-padro-de-la-llar-dinfants-per-al-curs-2024-2025\/","title":{"rendered":"S\u2019aprova el padr\u00f3 de la llar d\u2019infants per al curs 2024\/2025"},"content":{"rendered":"\n<p>La Junta de govern del passat 30 de setembre va aprovar, a petici\u00f3 de la regidoria d\u2019Ensenyament, el padr\u00f3 de la llar d\u2019infants municipal per al curs 2024\/25 amb 36 infants matriculats. L\u2019import total de les quotes per a aquest curs ascendeix a 26.460\u20ac.<\/p>\n\n\n\n<p>A la Llar d\u2019infants municipal l\u2019Oreneta s\u2019hi ofereix el servei per a I0, I1 i I2 amb servei de menjador escolar. L\u2019import es podr\u00e0 veure modificat en el cas que hi hagi noves matr\u00edcules o baixes d\u2019usuaris.<\/p>\n\n\n\n<hr class=\"wp-block-separator has-alpha-channel-opacity\"\/>\n\n\n\n<p><strong>CASTELLANO |<\/strong> La Junta de gobierno del pasado 30 de septiembre aprob\u00f3, a petici\u00f3n de la concejal\u00eda de Educaci\u00f3n, el padr\u00f3n de la guarder\u00eda municipal para el curso 2024\/25 con 36 ni\u00f1os matriculados. El importe total de las cuotas para este curso asciende a 26.460\u20ac.<\/p>\n\n\n\n<p>A la Guarder\u00eda municipal l\u2019Oreneta se ofrece el servicio para I0, I1 e i2 con servicio de comedor escolar. El importe se podr\u00e1 ver modificado en el supuesto de que haya nuevas matr\u00edculas o bajas de usuarios.<\/p>\n","protected":false},"excerpt":{"rendered":"<p>La Junta de govern del passat 30 de setembre va aprovar, a petici\u00f3 de la regidoria d\u2019Ensenyament, el padr\u00f3 de la llar d\u2019infants municipal per al curs 2024\/25 amb 36 &hellip; <a href=\"https:\/\/bisbalpenedes.com\/web\/2024\/10\/04\/saprova-el-padro-de-la-llar-dinfants-per-al-curs-2024-2025\/\" class=\"more-link\">Read More<\/a><\/p>\n","protected":false},"author":4,"featured_media":31974,"comment_status":"closed","ping_status":"closed","sticky":false,"template":"","format":"standard","meta":[],"categories":[8],"tags":[6867,862,3529],"_links":{"self":[{"href":"https:\/\/bisbalpenedes.com\/web\/wp-json\/wp\/v2\/posts\/31973"}],"collection":[{"href":"https:\/\/bisbalpenedes.com\/web\/wp-json\/wp\/v2\/posts"}],"about":[{"href":"https:\/\/bisbalpenedes.com\/web\/wp-json\/wp\/v2\/types\/post"}],"author":[{"embeddable":true,"href":"https:\/\/bisbalpenedes.com\/web\/wp-json\/wp\/v2\/users\/4"}],"replies":[{"embeddable":true,"href":"https:\/\/bisbalpenedes.com\/web\/wp-json\/wp\/v2\/comments?post=31973"}],"version-history":[{"count":1,"href":"https:\/\/bisbalpenedes.com\/web\/wp-json\/wp\/v2\/posts\/31973\/revisions"}],"predecessor-version":[{"id":31975,"href":"https:\/\/bisbalpenedes.com\/web\/wp-json\/wp\/v2\/posts\/31973\/revisions\/31975"}],"wp:featuredmedia":[{"embeddable":true,"href":"https:\/\/bisbalpenedes.com\/web\/wp-json\/wp\/v2\/media\/31974"}],"wp:attachment":[{"href":"https:\/\/bisbalpenedes.com\/web\/wp-json\/wp\/v2\/media?parent=31973"}],"wp:term":[{"taxonomy":"category","embeddable":true,"href":"https:\/\/bisbalpenedes.com\/web\/wp-json\/wp\/v2\/categories?post=31973"},{"taxonomy":"post_tag","embeddable":true,"href":"https:\/\/bisbalpenedes.com\/web\/wp-json\/wp\/v2\/tags?post=31973"}],"curies":[{"name":"wp","href":"https:\/\/api.w.org\/{rel}","templated":true}]}}