{"id":31971,"date":"2024-10-04T08:09:30","date_gmt":"2024-10-04T06:09:30","guid":{"rendered":"https:\/\/bisbalpenedes.com\/web\/?p=31971"},"modified":"2024-10-04T08:09:30","modified_gmt":"2024-10-04T06:09:30","slug":"aquest-dissabte-vine-a-animar-la-joventut-bisbalenca-comenca-la-lliga","status":"publish","type":"post","link":"https:\/\/bisbalpenedes.com\/web\/2024\/10\/04\/aquest-dissabte-vine-a-animar-la-joventut-bisbalenca-comenca-la-lliga\/","title":{"rendered":"Aquest dissabte vine a animar la Joventut Bisbalenca! Comen\u00e7a la lliga!"},"content":{"rendered":"\n<p>Vine a animar la Joventut Bisbalenca!<\/p>\n\n\n\n<p>Aquest cap de setmana comen\u00e7a la lliga i el nostre equip s\u2019estrena a la 4a Catalana contra el Cunit. Ser\u00e0 una lliga emocionant amb for\u00e7a equips del Baix Pened\u00e8s. No et perdis aquest primer partit i vine al camp de futbol municipal de la Bisbal del Pened\u00e8s per donar suport als nostres jugadors!<\/p>\n\n\n\n<p>Abans del partit es far\u00e0 la presentaci\u00f3 de l\u2019equip.<\/p>\n\n\n\n<p><strong>Data:<\/strong> Dissabte, 5 d\u2019octubre<\/p>\n\n\n\n<p><strong>Hora:<\/strong> 18:40h<\/p>\n\n\n\n<p><strong>Lloc:<\/strong> Camp de Futbol Municipal de la Bisbal del Pened\u00e8s<\/p>\n\n\n\n<p>T\u2019hi esperem! <\/p>\n\n\n\n<hr class=\"wp-block-separator has-alpha-channel-opacity\"\/>\n\n\n\n<p><strong>CASTELLANO | <\/strong>\u00a1Ven a animar a la Joventut Bisbalenca!<\/p>\n\n\n\n<p>Este fin de semana empieza la liga y nuestro equipo se estrena en la 4\u00aa Catalana contra el Cunit. Ser\u00e1 una liga emocionante con muchos equipos del Baix Pened\u00e8s. \u00a1No te pierdas este primer partido y ven al campo de f\u00fatbol municipal de la Bisbal del Pened\u00e8s para apoyar a nuestros jugadores!<\/p>\n\n\n\n<p>Antes del partido se har\u00e1 la presentaci\u00f3n del equipo.<\/p>\n\n\n\n<p><strong>Fecha:<\/strong> Domingo, 5 de octubre<\/p>\n\n\n\n<p><strong>Hora:<\/strong> 18:40h<\/p>\n\n\n\n<p><strong>Lugar:<\/strong> Campo de F\u00fatbol Municipal de la Bisbal del Pened\u00e8s<\/p>\n\n\n\n<p>\u00a1Te esperamos! <\/p>\n","protected":false},"excerpt":{"rendered":"<p>Vine a animar la Joventut Bisbalenca! Aquest cap de setmana comen\u00e7a la lliga i el nostre equip s\u2019estrena a la 4a Catalana contra el Cunit. Ser\u00e0 una lliga emocionant amb &hellip; <a href=\"https:\/\/bisbalpenedes.com\/web\/2024\/10\/04\/aquest-dissabte-vine-a-animar-la-joventut-bisbalenca-comenca-la-lliga\/\" class=\"more-link\">Read More<\/a><\/p>\n","protected":false},"author":4,"featured_media":31976,"comment_status":"closed","ping_status":"closed","sticky":false,"template":"","format":"standard","meta":[],"categories":[20,19,8],"tags":[459,367,345,393,6868],"_links":{"self":[{"href":"https:\/\/bisbalpenedes.com\/web\/wp-json\/wp\/v2\/posts\/31971"}],"collection":[{"href":"https:\/\/bisbalpenedes.com\/web\/wp-json\/wp\/v2\/posts"}],"about":[{"href":"https:\/\/bisbalpenedes.com\/web\/wp-json\/wp\/v2\/types\/post"}],"author":[{"embeddable":true,"href":"https:\/\/bisbalpenedes.com\/web\/wp-json\/wp\/v2\/users\/4"}],"replies":[{"embeddable":true,"href":"https:\/\/bisbalpenedes.com\/web\/wp-json\/wp\/v2\/comments?post=31971"}],"version-history":[{"count":1,"href":"https:\/\/bisbalpenedes.com\/web\/wp-json\/wp\/v2\/posts\/31971\/revisions"}],"predecessor-version":[{"id":31977,"href":"https:\/\/bisbalpenedes.com\/web\/wp-json\/wp\/v2\/posts\/31971\/revisions\/31977"}],"wp:featuredmedia":[{"embeddable":true,"href":"https:\/\/bisbalpenedes.com\/web\/wp-json\/wp\/v2\/media\/31976"}],"wp:attachment":[{"href":"https:\/\/bisbalpenedes.com\/web\/wp-json\/wp\/v2\/media?parent=31971"}],"wp:term":[{"taxonomy":"category","embeddable":true,"href":"https:\/\/bisbalpenedes.com\/web\/wp-json\/wp\/v2\/categories?post=31971"},{"taxonomy":"post_tag","embeddable":true,"href":"https:\/\/bisbalpenedes.com\/web\/wp-json\/wp\/v2\/tags?post=31971"}],"curies":[{"name":"wp","href":"https:\/\/api.w.org\/{rel}","templated":true}]}}