{"id":3196,"date":"2017-09-25T20:29:13","date_gmt":"2017-09-25T14:29:13","guid":{"rendered":"http:\/\/bisbalpenedes.com\/web\/?p=3196"},"modified":"2017-09-25T20:29:13","modified_gmt":"2017-09-25T14:29:13","slug":"shan-incorporat-dues-noves-voluntaries-al-servei-bon-dia-de-la-regidoria-de-la-gent-gran","status":"publish","type":"post","link":"https:\/\/bisbalpenedes.com\/web\/2017\/09\/25\/shan-incorporat-dues-noves-voluntaries-al-servei-bon-dia-de-la-regidoria-de-la-gent-gran\/","title":{"rendered":"S&#8217;han incorporat dues noves volunt\u00e0ries al servei &#8216;Bon dia&#8217; de la Regidoria de la Gent Gran"},"content":{"rendered":"<p><a href=\"http:\/\/bisbalpenedes.com\/web\/wp-content\/uploads\/2017\/09\/IMG_2808.jpg\"><img loading=\"lazy\" class=\"aligncenter size-large wp-image-3197\" src=\"http:\/\/bisbalpenedes.com\/web\/wp-content\/uploads\/2017\/09\/IMG_2808-1024x768.jpg\" alt=\"volunt\u00e0ries bon dia\" width=\"630\" height=\"473\" srcset=\"https:\/\/bisbalpenedes.com\/web\/wp-content\/uploads\/2017\/09\/IMG_2808-1024x768.jpg 1024w, https:\/\/bisbalpenedes.com\/web\/wp-content\/uploads\/2017\/09\/IMG_2808-600x450.jpg 600w, https:\/\/bisbalpenedes.com\/web\/wp-content\/uploads\/2017\/09\/IMG_2808-300x225.jpg 300w, https:\/\/bisbalpenedes.com\/web\/wp-content\/uploads\/2017\/09\/IMG_2808-768x576.jpg 768w, https:\/\/bisbalpenedes.com\/web\/wp-content\/uploads\/2017\/09\/IMG_2808.jpg 1500w\" sizes=\"(max-width: 630px) 100vw, 630px\" \/><\/a><\/p>\n<p>El servei \u2018Bon dia\u2019 de la Regidoria de la Gent Gran ha incorporat dues noves volunt\u00e0ries, l\u2019\u00c0ngels i la Roser. La Regidora de la Gent Gran, Judit Vidal, ha expressat la seva alegria en veure que el voluntariat creix.<\/p>\n<p>El servei \u2018Bon dia\u2019 persegueix l\u2019objectiu de vetllar per les persones grans de la vila. S\u2019hi poden apuntar les parelles majors de 65 anys o les persones que visquin soles que ho sol\u00b7licitin. Aquest servei \u00e9s gratu\u00eft i en l\u2019actualitat compta amb 43 usuaris\/es. El paper de les volunt\u00e0ries (en aquest cas s\u00f3n totes dones) \u00e9s imprescindible, ja que s\u00f3n elles les que efectuen trucades di\u00e0ries o setmanals per comprovar que els usuaris del servei estan b\u00e9 de salut, poder resoldre els seus dubtes o consultes i, en general, per facilitar la vida d\u2019aquestes persones. Si les persones no responen les trucades de tel\u00e8fon, s\u2019activa el protocol establert en aquests casos, que consisteix en contactar amb els tel\u00e8fons de contacte de familiars o amics propers a l\u2019usuari.<\/p>\n<p>La Regidora de la Gent Gran, Judit Vidal considera que \u00e9s un servei molt important \u201cperqu\u00e8 va m\u00e9s enll\u00e0 d\u2019una simple trucada telef\u00f2nica. La volunt\u00e0ria i l\u2019usuari acaben convertint-se en alguna cosa m\u00e9s, arriben a tenir una relaci\u00f3 de confian\u00e7a i, fins i tot, d\u2019amistat\u201d<\/p>\n<p><a href=\"http:\/\/bisbalpenedes.com\/web\/wp-content\/uploads\/2017\/09\/IMG_2809.jpg\"><img loading=\"lazy\" class=\"aligncenter size-large wp-image-3198\" src=\"http:\/\/bisbalpenedes.com\/web\/wp-content\/uploads\/2017\/09\/IMG_2809-1024x768.jpg\" alt=\"volunt\u00e0ries bon dia 2\" width=\"630\" height=\"473\" srcset=\"https:\/\/bisbalpenedes.com\/web\/wp-content\/uploads\/2017\/09\/IMG_2809-1024x768.jpg 1024w, https:\/\/bisbalpenedes.com\/web\/wp-content\/uploads\/2017\/09\/IMG_2809-600x450.jpg 600w, https:\/\/bisbalpenedes.com\/web\/wp-content\/uploads\/2017\/09\/IMG_2809-300x225.jpg 300w, https:\/\/bisbalpenedes.com\/web\/wp-content\/uploads\/2017\/09\/IMG_2809-768x576.jpg 768w, https:\/\/bisbalpenedes.com\/web\/wp-content\/uploads\/2017\/09\/IMG_2809.jpg 1200w\" sizes=\"(max-width: 630px) 100vw, 630px\" \/><\/a><\/p>\n","protected":false},"excerpt":{"rendered":"<p>El servei \u2018Bon dia\u2019 de la Regidoria de la Gent Gran ha incorporat dues noves volunt\u00e0ries, l\u2019\u00c0ngels i la Roser. La Regidora de la Gent Gran, Judit Vidal, ha expressat &hellip; <a href=\"https:\/\/bisbalpenedes.com\/web\/2017\/09\/25\/shan-incorporat-dues-noves-voluntaries-al-servei-bon-dia-de-la-regidoria-de-la-gent-gran\/\" class=\"more-link\">Read More<\/a><\/p>\n","protected":false},"author":4,"featured_media":0,"comment_status":"closed","ping_status":"closed","sticky":false,"template":"","format":"standard","meta":[],"categories":[464],"tags":[465,305,466,469],"_links":{"self":[{"href":"https:\/\/bisbalpenedes.com\/web\/wp-json\/wp\/v2\/posts\/3196"}],"collection":[{"href":"https:\/\/bisbalpenedes.com\/web\/wp-json\/wp\/v2\/posts"}],"about":[{"href":"https:\/\/bisbalpenedes.com\/web\/wp-json\/wp\/v2\/types\/post"}],"author":[{"embeddable":true,"href":"https:\/\/bisbalpenedes.com\/web\/wp-json\/wp\/v2\/users\/4"}],"replies":[{"embeddable":true,"href":"https:\/\/bisbalpenedes.com\/web\/wp-json\/wp\/v2\/comments?post=3196"}],"version-history":[{"count":1,"href":"https:\/\/bisbalpenedes.com\/web\/wp-json\/wp\/v2\/posts\/3196\/revisions"}],"predecessor-version":[{"id":3199,"href":"https:\/\/bisbalpenedes.com\/web\/wp-json\/wp\/v2\/posts\/3196\/revisions\/3199"}],"wp:attachment":[{"href":"https:\/\/bisbalpenedes.com\/web\/wp-json\/wp\/v2\/media?parent=3196"}],"wp:term":[{"taxonomy":"category","embeddable":true,"href":"https:\/\/bisbalpenedes.com\/web\/wp-json\/wp\/v2\/categories?post=3196"},{"taxonomy":"post_tag","embeddable":true,"href":"https:\/\/bisbalpenedes.com\/web\/wp-json\/wp\/v2\/tags?post=3196"}],"curies":[{"name":"wp","href":"https:\/\/api.w.org\/{rel}","templated":true}]}}