{"id":31959,"date":"2024-10-03T15:35:27","date_gmt":"2024-10-03T13:35:27","guid":{"rendered":"https:\/\/bisbalpenedes.com\/web\/?p=31959"},"modified":"2024-10-03T15:44:17","modified_gmt":"2024-10-03T13:44:17","slug":"per-motius-aliens-a-lajuntament-finalment-els-treballs-de-fresat-i-asfaltat-de-la-riba-comencaran-aquest-divendres","status":"publish","type":"post","link":"https:\/\/bisbalpenedes.com\/web\/2024\/10\/03\/per-motius-aliens-a-lajuntament-finalment-els-treballs-de-fresat-i-asfaltat-de-la-riba-comencaran-aquest-divendres\/","title":{"rendered":"Per motius aliens a l&#8217;Ajuntament, finalment els treballs de fresat i asfaltat de la Riba comen\u00e7aran aquest divendres"},"content":{"rendered":"\n<p>Av\u00eds important: Obres de millora al barri de la Riba.<\/p>\n\n\n\n<p>Per motius aliens a l&#8217;Ajuntament de la Bisbal del Pened\u00e8s, finalment els treballs comen\u00e7aran aquest divendres.<\/p>\n\n\n\n<p>Els dies 4, 7, 8 i 9 d&#8217;octubre es faran treballs de fresat i asfaltat als carrers del barri de la Riba.&nbsp;<\/p>\n\n\n\n<p>No es podr\u00e0 circular ni entrar\/sortir amb vehicles dels garatges durant aquests dies. Durant el cap de setmana S\u00cd que s&#8217;hi podr\u00e0 circular.<\/p>\n\n\n\n<p>Afecta tots els carrers del barri excepte:<\/p>\n\n\n\n<p>\u25aa\ufe0fCarrer General Manso<\/p>\n\n\n\n<p>\u25aa\ufe0fPart ja asfaltada del carrer Santa Cristina<\/p>\n\n\n\n<p>\u203c\ufe0fNo afecta la sortida o entrada al barri del Priorat.&nbsp;<\/p>\n\n\n\n<p>Disculpeu les mol\u00e8sties ocasionades.<\/p>\n\n\n\n<hr class=\"wp-block-separator has-alpha-channel-opacity\"\/>\n\n\n\n<p><strong>CASTELLANO |<\/strong> Aviso importante: Obras de mejora en el barrio de la Riba.<\/p>\n\n\n\n<p>Por motivos ajenos al Ajuntament de la Bisbal del Pened\u00e8s, finalmente los trabajos empezar\u00e1n ma\u00f1ana viernes.<\/p>\n\n\n\n<p>Los d\u00edas 4, 7, 8 y 9 de octubre se realizar\u00e1n trabajos de fresado y asfaltado en las calles del barrio de la Riba.&nbsp;<\/p>\n\n\n\n<p>No se podr\u00e1 circular ni entrar\/salir con veh\u00edculos de los garajes durante estos d\u00edas. Durante el fin de semana S\u00cd que se podr\u00e1 circular.<\/p>\n\n\n\n<p>Afecta a todas las calles del barrio excepto:<\/p>\n\n\n\n<p>\u25aa\ufe0fCalle General Manso<\/p>\n\n\n\n<p>\u25aa\ufe0fParte ya asfaltada de la calle Santa Cristina<\/p>\n\n\n\n<p>\u203c\ufe0fNo afecta a la salida o entrada al barrio del Priorat.<\/p>\n\n\n\n<p>Disculpad las molestias ocasionadas.<\/p>\n","protected":false},"excerpt":{"rendered":"<p>Av\u00eds important: Obres de millora al barri de la Riba. Per motius aliens a l&#8217;Ajuntament de la Bisbal del Pened\u00e8s, finalment els treballs comen\u00e7aran aquest divendres. Els dies 4, 7, &hellip; <a href=\"https:\/\/bisbalpenedes.com\/web\/2024\/10\/03\/per-motius-aliens-a-lajuntament-finalment-els-treballs-de-fresat-i-asfaltat-de-la-riba-comencaran-aquest-divendres\/\" class=\"more-link\">Read More<\/a><\/p>\n","protected":false},"author":4,"featured_media":31964,"comment_status":"closed","ping_status":"closed","sticky":false,"template":"","format":"standard","meta":[],"categories":[1628,4287,8,15],"tags":[4613,196,393,1337],"_links":{"self":[{"href":"https:\/\/bisbalpenedes.com\/web\/wp-json\/wp\/v2\/posts\/31959"}],"collection":[{"href":"https:\/\/bisbalpenedes.com\/web\/wp-json\/wp\/v2\/posts"}],"about":[{"href":"https:\/\/bisbalpenedes.com\/web\/wp-json\/wp\/v2\/types\/post"}],"author":[{"embeddable":true,"href":"https:\/\/bisbalpenedes.com\/web\/wp-json\/wp\/v2\/users\/4"}],"replies":[{"embeddable":true,"href":"https:\/\/bisbalpenedes.com\/web\/wp-json\/wp\/v2\/comments?post=31959"}],"version-history":[{"count":2,"href":"https:\/\/bisbalpenedes.com\/web\/wp-json\/wp\/v2\/posts\/31959\/revisions"}],"predecessor-version":[{"id":31963,"href":"https:\/\/bisbalpenedes.com\/web\/wp-json\/wp\/v2\/posts\/31959\/revisions\/31963"}],"wp:featuredmedia":[{"embeddable":true,"href":"https:\/\/bisbalpenedes.com\/web\/wp-json\/wp\/v2\/media\/31964"}],"wp:attachment":[{"href":"https:\/\/bisbalpenedes.com\/web\/wp-json\/wp\/v2\/media?parent=31959"}],"wp:term":[{"taxonomy":"category","embeddable":true,"href":"https:\/\/bisbalpenedes.com\/web\/wp-json\/wp\/v2\/categories?post=31959"},{"taxonomy":"post_tag","embeddable":true,"href":"https:\/\/bisbalpenedes.com\/web\/wp-json\/wp\/v2\/tags?post=31959"}],"curies":[{"name":"wp","href":"https:\/\/api.w.org\/{rel}","templated":true}]}}