{"id":31955,"date":"2024-10-03T15:14:18","date_gmt":"2024-10-03T13:14:18","guid":{"rendered":"https:\/\/bisbalpenedes.com\/web\/?p=31955"},"modified":"2024-10-03T15:14:18","modified_gmt":"2024-10-03T13:14:18","slug":"presentacio-de-la-recerca-sobre-el-conreu-de-lolivera-i-la-produccio-de-loli-doliva-al-penedes","status":"publish","type":"post","link":"https:\/\/bisbalpenedes.com\/web\/2024\/10\/03\/presentacio-de-la-recerca-sobre-el-conreu-de-lolivera-i-la-produccio-de-loli-doliva-al-penedes\/","title":{"rendered":"Presentaci\u00f3 de la recerca sobre &#8220;El conreu de l&#8217;olivera i la Producci\u00f3 de l&#8217;oli d&#8217;oliva al Pened\u00e8s&#8221;"},"content":{"rendered":"\n<p>Aquest dissabte 5 d&#8217;octubre a les 18h, al CMC, presentaci\u00f3 de la recerca sobre &#8220;El conreu de l&#8217;olivera i la Producci\u00f3 de l&#8217;oli d&#8217;oliva al Pened\u00e8s&#8221;, part de l&#8217;Inventari del Patrimoni Cultural Immaterial del Pened\u00e8s.<\/p>\n\n\n\n<p>La presentaci\u00f3 anir\u00e0 a c\u00e0rrec de l&#8217;investigador Abraham Guill\u00e9n Villar, expert en Antropologia Social i Cultural i Biologia.<\/p>\n\n\n\n<p><\/p>\n\n\n\n<hr class=\"wp-block-separator has-alpha-channel-opacity\"\/>\n\n\n\n<p><strong>CASTELLANO | <\/strong>Este s\u00e1bado 5 de octubre a las 18h, en el CMC, presentaci\u00f3n de la investigaci\u00f3n sobre &#8220;El cultivo del olivo y la Producci\u00f3n del aceite de oliva en el Pened\u00e8s&#8221;, parte del Inventari del Patrimoni Cultural Immaterial del Pened\u00e8s.<\/p>\n\n\n\n<p>La presentaci\u00f3n correr\u00e1 a cargo del investigador Abraham Guill\u00e9n Villar, experto en Antropolog\u00eda Social y Cultural y Biolog\u00eda.<\/p>\n\n\n\n<p><\/p>\n\n\n\n<p><\/p>\n","protected":false},"excerpt":{"rendered":"<p>Aquest dissabte 5 d&#8217;octubre a les 18h, al CMC, presentaci\u00f3 de la recerca sobre &#8220;El conreu de l&#8217;olivera i la Producci\u00f3 de l&#8217;oli d&#8217;oliva al Pened\u00e8s&#8221;, part de l&#8217;Inventari del &hellip; <a href=\"https:\/\/bisbalpenedes.com\/web\/2024\/10\/03\/presentacio-de-la-recerca-sobre-el-conreu-de-lolivera-i-la-produccio-de-loli-doliva-al-penedes\/\" class=\"more-link\">Read More<\/a><\/p>\n","protected":false},"author":4,"featured_media":31956,"comment_status":"closed","ping_status":"closed","sticky":false,"template":"","format":"standard","meta":[],"categories":[2942,4155,13,8],"tags":[6864,393,6863,1374,2790],"_links":{"self":[{"href":"https:\/\/bisbalpenedes.com\/web\/wp-json\/wp\/v2\/posts\/31955"}],"collection":[{"href":"https:\/\/bisbalpenedes.com\/web\/wp-json\/wp\/v2\/posts"}],"about":[{"href":"https:\/\/bisbalpenedes.com\/web\/wp-json\/wp\/v2\/types\/post"}],"author":[{"embeddable":true,"href":"https:\/\/bisbalpenedes.com\/web\/wp-json\/wp\/v2\/users\/4"}],"replies":[{"embeddable":true,"href":"https:\/\/bisbalpenedes.com\/web\/wp-json\/wp\/v2\/comments?post=31955"}],"version-history":[{"count":1,"href":"https:\/\/bisbalpenedes.com\/web\/wp-json\/wp\/v2\/posts\/31955\/revisions"}],"predecessor-version":[{"id":31957,"href":"https:\/\/bisbalpenedes.com\/web\/wp-json\/wp\/v2\/posts\/31955\/revisions\/31957"}],"wp:featuredmedia":[{"embeddable":true,"href":"https:\/\/bisbalpenedes.com\/web\/wp-json\/wp\/v2\/media\/31956"}],"wp:attachment":[{"href":"https:\/\/bisbalpenedes.com\/web\/wp-json\/wp\/v2\/media?parent=31955"}],"wp:term":[{"taxonomy":"category","embeddable":true,"href":"https:\/\/bisbalpenedes.com\/web\/wp-json\/wp\/v2\/categories?post=31955"},{"taxonomy":"post_tag","embeddable":true,"href":"https:\/\/bisbalpenedes.com\/web\/wp-json\/wp\/v2\/tags?post=31955"}],"curies":[{"name":"wp","href":"https:\/\/api.w.org\/{rel}","templated":true}]}}