{"id":31934,"date":"2024-10-02T13:03:37","date_gmt":"2024-10-02T11:03:37","guid":{"rendered":"https:\/\/bisbalpenedes.com\/web\/?p=31934"},"modified":"2024-10-02T13:03:37","modified_gmt":"2024-10-02T11:03:37","slug":"la-bisbal-del-penedes-ha-estat-present-en-lacte-central-de-la-setmana-catalana-de-lesport","status":"publish","type":"post","link":"https:\/\/bisbalpenedes.com\/web\/2024\/10\/02\/la-bisbal-del-penedes-ha-estat-present-en-lacte-central-de-la-setmana-catalana-de-lesport\/","title":{"rendered":"La Bisbal del Pened\u00e8s ha estat present en l&#8217;Acte Central de la Setmana Catalana de l&#8217;Esport"},"content":{"rendered":"\n<p>El regidor d&#8217;Esports de la Bisbal del Pened\u00e8s, Joan Gimeno, va assistir a l&#8217;Acte Central de la Setmana Catalana de l&#8217;Esport, celebrat al Race Village de la Copa Am\u00e8rica, a Barcelona. L&#8217;esdeveniment, que va tenir lloc l&#8217;1 d&#8217;octubre a les 19:45h, va comptar amb la pres\u00e8ncia del Conseller d&#8217;Esports de la Generalitat de Catalunya, el Sr. Berni \u00c1lvarez.<\/p>\n\n\n\n<p>Durant l&#8217;acte, es va retre homenatge a tots els pa\u00efsos assistents, amb un reconeixement especial als esportistes <a><\/a>ol\u00edmpics i paral\u00edmpics catalans que han participat en els Jocs Ol\u00edmpics de Par\u00eds, aix\u00ed com a les seleccions catalanes participants en la Setmana Catalana de l&#8217;Esport.<\/p>\n\n\n\n<p>El regidor Gimeno ha destacat la import\u00e0ncia de fer comarca i va compartir l&#8217;experi\u00e8ncia amb els regidors d&#8217;esports del Vendrell, Mariona Figueras (Entitats Esportives) i Alex Barrera (Instal\u00b7lacions esportives i Capital Europea de l&#8217;Esport), refor\u00e7ant aix\u00ed els lla\u00e7os entre els municipis ve\u00efns en l&#8217;\u00e0mbit esportiu.<\/p>\n\n\n\n<hr class=\"wp-block-separator has-alpha-channel-opacity\"\/>\n\n\n\n<p><strong>DEPORTES | <\/strong>El concejal de Deportes de la Bisbal del Pened\u00e8s, Joan Gimeno, asisti\u00f3 al Acto Central de la Semana Catalana del Deporte, celebrado en el Race Village de la Copa Am\u00e9rica, en Barcelona. El evento, que tuvo lugar el 1 de octubre a las 19:45h, cont\u00f3 con la presencia del Consejero de Deportes de la Generalitat de Catalunya, el Sr. Berni \u00c1lvarez.<\/p>\n\n\n\n<p>Durante el acto, se rindi\u00f3 homenaje a todos los pa\u00edses asistentes, con un reconocimiento especial a los deportistas ol\u00edmpicos y paral\u00edmpicos catalanes participantes en los Juegos Ol\u00edmpicos de Par\u00eds, as\u00ed como a las selecciones catalanas participantes en la Semana Catalana del Deporte.<\/p>\n\n\n\n<p>El concejal Gimeno ha destacado la importancia de hacer comarca y comparti\u00f3 la experiencia con los concejales de deportes del Vendrell, Mariona Figueras (Entidades Deportivas) y Alex Barrera (Instalaciones deportivas y Capital Europea del Deporte<\/p>\n\n\n\n<figure class=\"wp-container-2 wp-block-gallery-1 wp-block-gallery has-nested-images columns-default is-cropped\">\n<figure class=\"wp-block-image size-large\"><img loading=\"lazy\" width=\"768\" height=\"1024\" data-id=\"31938\"  src=\"https:\/\/bisbalpenedes.com\/web\/wp-content\/uploads\/2024\/10\/WhatsApp-Image-2024-10-02-at-10.39.51-1-768x1024.jpeg\" alt=\"\" class=\"wp-image-31938\" srcset=\"https:\/\/bisbalpenedes.com\/web\/wp-content\/uploads\/2024\/10\/WhatsApp-Image-2024-10-02-at-10.39.51-1-768x1024.jpeg 768w, https:\/\/bisbalpenedes.com\/web\/wp-content\/uploads\/2024\/10\/WhatsApp-Image-2024-10-02-at-10.39.51-1-225x300.jpeg 225w, https:\/\/bisbalpenedes.com\/web\/wp-content\/uploads\/2024\/10\/WhatsApp-Image-2024-10-02-at-10.39.51-1-1152x1536.jpeg 1152w, https:\/\/bisbalpenedes.com\/web\/wp-content\/uploads\/2024\/10\/WhatsApp-Image-2024-10-02-at-10.39.51-1-600x800.jpeg 600w, https:\/\/bisbalpenedes.com\/web\/wp-content\/uploads\/2024\/10\/WhatsApp-Image-2024-10-02-at-10.39.51-1.jpeg 1200w\" sizes=\"(max-width: 768px) 100vw, 768px\" \/><\/figure>\n\n\n\n<figure class=\"wp-block-image size-large\"><img loading=\"lazy\" width=\"768\" height=\"1024\" data-id=\"31937\"  src=\"https:\/\/bisbalpenedes.com\/web\/wp-content\/uploads\/2024\/10\/WhatsApp-Image-2024-10-02-at-10.39.50-1-768x1024.jpeg\" alt=\"\" class=\"wp-image-31937\" srcset=\"https:\/\/bisbalpenedes.com\/web\/wp-content\/uploads\/2024\/10\/WhatsApp-Image-2024-10-02-at-10.39.50-1-768x1024.jpeg 768w, https:\/\/bisbalpenedes.com\/web\/wp-content\/uploads\/2024\/10\/WhatsApp-Image-2024-10-02-at-10.39.50-1-225x300.jpeg 225w, https:\/\/bisbalpenedes.com\/web\/wp-content\/uploads\/2024\/10\/WhatsApp-Image-2024-10-02-at-10.39.50-1-1152x1536.jpeg 1152w, https:\/\/bisbalpenedes.com\/web\/wp-content\/uploads\/2024\/10\/WhatsApp-Image-2024-10-02-at-10.39.50-1-600x800.jpeg 600w, https:\/\/bisbalpenedes.com\/web\/wp-content\/uploads\/2024\/10\/WhatsApp-Image-2024-10-02-at-10.39.50-1.jpeg 1200w\" sizes=\"(max-width: 768px) 100vw, 768px\" \/><\/figure>\n\n\n\n<figure class=\"wp-block-image size-large\"><img loading=\"lazy\" width=\"768\" height=\"1024\" data-id=\"31939\"  src=\"https:\/\/bisbalpenedes.com\/web\/wp-content\/uploads\/2024\/10\/WhatsApp-Image-2024-10-02-at-10.39.49-1-768x1024.jpeg\" alt=\"\" class=\"wp-image-31939\" srcset=\"https:\/\/bisbalpenedes.com\/web\/wp-content\/uploads\/2024\/10\/WhatsApp-Image-2024-10-02-at-10.39.49-1-768x1024.jpeg 768w, https:\/\/bisbalpenedes.com\/web\/wp-content\/uploads\/2024\/10\/WhatsApp-Image-2024-10-02-at-10.39.49-1-225x300.jpeg 225w, https:\/\/bisbalpenedes.com\/web\/wp-content\/uploads\/2024\/10\/WhatsApp-Image-2024-10-02-at-10.39.49-1-1152x1536.jpeg 1152w, https:\/\/bisbalpenedes.com\/web\/wp-content\/uploads\/2024\/10\/WhatsApp-Image-2024-10-02-at-10.39.49-1-600x800.jpeg 600w, https:\/\/bisbalpenedes.com\/web\/wp-content\/uploads\/2024\/10\/WhatsApp-Image-2024-10-02-at-10.39.49-1.jpeg 1200w\" sizes=\"(max-width: 768px) 100vw, 768px\" \/><\/figure>\n<\/figure>\n","protected":false},"excerpt":{"rendered":"<p>El regidor d&#8217;Esports de la Bisbal del Pened\u00e8s, Joan Gimeno, va assistir a l&#8217;Acte Central de la Setmana Catalana de l&#8217;Esport, celebrat al Race Village de la Copa Am\u00e8rica, a &hellip; <a href=\"https:\/\/bisbalpenedes.com\/web\/2024\/10\/02\/la-bisbal-del-penedes-ha-estat-present-en-lacte-central-de-la-setmana-catalana-de-lesport\/\" class=\"more-link\">Read More<\/a><\/p>\n","protected":false},"author":4,"featured_media":31940,"comment_status":"closed","ping_status":"closed","sticky":false,"template":"","format":"standard","meta":[],"categories":[19,8],"tags":[459,1374,6862],"_links":{"self":[{"href":"https:\/\/bisbalpenedes.com\/web\/wp-json\/wp\/v2\/posts\/31934"}],"collection":[{"href":"https:\/\/bisbalpenedes.com\/web\/wp-json\/wp\/v2\/posts"}],"about":[{"href":"https:\/\/bisbalpenedes.com\/web\/wp-json\/wp\/v2\/types\/post"}],"author":[{"embeddable":true,"href":"https:\/\/bisbalpenedes.com\/web\/wp-json\/wp\/v2\/users\/4"}],"replies":[{"embeddable":true,"href":"https:\/\/bisbalpenedes.com\/web\/wp-json\/wp\/v2\/comments?post=31934"}],"version-history":[{"count":1,"href":"https:\/\/bisbalpenedes.com\/web\/wp-json\/wp\/v2\/posts\/31934\/revisions"}],"predecessor-version":[{"id":31941,"href":"https:\/\/bisbalpenedes.com\/web\/wp-json\/wp\/v2\/posts\/31934\/revisions\/31941"}],"wp:featuredmedia":[{"embeddable":true,"href":"https:\/\/bisbalpenedes.com\/web\/wp-json\/wp\/v2\/media\/31940"}],"wp:attachment":[{"href":"https:\/\/bisbalpenedes.com\/web\/wp-json\/wp\/v2\/media?parent=31934"}],"wp:term":[{"taxonomy":"category","embeddable":true,"href":"https:\/\/bisbalpenedes.com\/web\/wp-json\/wp\/v2\/categories?post=31934"},{"taxonomy":"post_tag","embeddable":true,"href":"https:\/\/bisbalpenedes.com\/web\/wp-json\/wp\/v2\/tags?post=31934"}],"curies":[{"name":"wp","href":"https:\/\/api.w.org\/{rel}","templated":true}]}}