{"id":31930,"date":"2024-10-02T11:58:43","date_gmt":"2024-10-02T09:58:43","guid":{"rendered":"https:\/\/bisbalpenedes.com\/web\/?p=31930"},"modified":"2024-10-02T11:58:43","modified_gmt":"2024-10-02T09:58:43","slug":"lajuntament-de-la-bisbal-del-penedes-aprova-un-contracte-per-arranjar-diversos-camins-i-carrers-del-municipi","status":"publish","type":"post","link":"https:\/\/bisbalpenedes.com\/web\/2024\/10\/02\/lajuntament-de-la-bisbal-del-penedes-aprova-un-contracte-per-arranjar-diversos-camins-i-carrers-del-municipi\/","title":{"rendered":"<strong>L&#8217;Ajuntament de La Bisbal del Pened\u00e8s aprova un contracte per arranjar diversos camins i carrers del municipi<\/strong>"},"content":{"rendered":"\n<p>La Junta de Govern Local de l&#8217;Ajuntament de La Bisbal del Pened\u00e8s, en la seva sessi\u00f3 del 30 de setembre, ha aprovat un contracte menor amb l&#8217;empresa Josep Ma. Sol\u00e9 per un import de 35.206,16\u20ac per a la reparaci\u00f3 de camins. Aquesta actuaci\u00f3, impulsada des de la Regidoria de Barris, t\u00e9 com a objectiu el manteniment i arranjament de carrers i camins sense asfaltar del municipi.<\/p>\n\n\n\n<p>Els treballs responen a la necessitat de millorar les condicions d&#8217;aquests vials, utilitzats habitualment per pagesos, vianants, caminants i ve\u00efns de la zona. A m\u00e9s, aquestes intervencions s\u00f3n especialment necess\u00e0ries despr\u00e9s dels danys causats pels recents episodis de pluges intenses.<\/p>\n\n\n\n<p>Les actuacions previstes inclouen:<\/p>\n\n\n\n<ul><li><span style=\"text-decoration: underline;\">Cam\u00ed de les Clotes:<\/span> Des del final del carrer Santa Cristina fins a l&#8217;entrada de la urbanitzaci\u00f3 Can Gordei. Es realitzar\u00e0 el desbrossament de les vores dels marges al llarg de tot el cam\u00ed.<\/li><\/ul>\n\n\n\n<ul><li><span style=\"text-decoration: underline;\">Cam\u00ed de l&#8217;Ortig\u00f3s:<\/span> Fins a la Masia de Frey\u00e9. Es condicionar\u00e0 el cam\u00ed, s&#8217;aplanaran forats, es faran trencalls per a l&#8217;aigua i es retiraran pedres.<\/li><\/ul>\n\n\n\n<ul><li><span style=\"text-decoration: underline;\">Carrer Eucaliptus (La Masieta):<\/span> S&#8217;arranjar\u00e0 i es far\u00e0 un trencall per desviar l&#8217;aigua de pluja.<\/li><\/ul>\n\n\n\n<ul><li><span style=\"text-decoration: underline;\">Carrer Avet (La Masieta):<\/span> Es taparan els forats a l&#8217;asfalt.<\/li><\/ul>\n\n\n\n<ul><li><span style=\"text-decoration: underline;\">Carrer Baix Camp (Santa Cristina): <\/span>Es traur\u00e0 el paviment en mal estat, s&#8217;anivellar\u00e0, es compactar\u00e0 i es formigonar\u00e0.<\/li><\/ul>\n\n\n\n<p>Aquestes intervencions contribuiran a millorar la mobilitat i la seguretat dels usuaris d&#8217;aquests camins i carrers, alhora que es prevenen futurs danys causats per les inclem\u00e8ncies meteorol\u00f2giques.<\/p>\n\n\n\n<p>L&#8217;Ajuntament de La Bisbal del Pened\u00e8s reafirma aix\u00ed el seu comprom\u00eds amb el manteniment i la millora de les infraestructures del municipi, prioritzant la seguretat i el benestar dels seus ciutadans.<\/p>\n\n\n\n<hr class=\"wp-block-separator has-alpha-channel-opacity\"\/>\n\n\n\n<p><strong>El Ajuntament de La Bisbal del Pened\u00e8s aprueba un contrato para arreglar varios caminos y calles del municipio<\/strong><\/p>\n\n\n\n<p><strong>Las actuaciones previstas incluyen reparaciones en cinco viales municipales<\/strong><\/p>\n\n\n\n<p>La Junta de Gobierno Local del Ajuntament de La Bisbal del Pened\u00e8s, en su sesi\u00f3n del 30 de septiembre, ha aprobado un contrato menor con la empresa Josep Ma. Sol\u00e9 por un importe de 35.206,16\u20ac para la reparaci\u00f3n de caminos. Esta actuaci\u00f3n, impulsada desde la Concejal\u00eda de Barrios, tiene como objetivo el mantenimiento y arreglo de calles y caminos sin asfaltar del municipio.<\/p>\n\n\n\n<p>Los trabajos responden a la necesidad de mejorar las condiciones de estos viales, utilizados habitualmente por campesinos, peatones, caminantes y vecinos de la zona. Adem\u00e1s, estas intervenciones son especialmente necesarias despu\u00e9s de los da\u00f1os causados por los recientes episodios de lluvias intensas.<\/p>\n\n\n\n<p>Las actuaciones previstas incluyen:<\/p>\n\n\n\n<ul><li><span style=\"text-decoration: underline;\">Camino de las Clotes:<\/span> Desde el final de la calle Santa Cristina hasta la entrada de la urbanizaci\u00f3n Can Gordei. Se realizar\u00e1 el desbroce de los bordes de los m\u00e1rgenes a lo largo de todo el camino.<\/li><\/ul>\n\n\n\n<ul><li><span style=\"text-decoration: underline;\">Camino del Ortig\u00f3s:<\/span> Hasta la Mas\u00eda de Frey\u00e9. Se condicionar\u00e1 el camino, se allanar\u00e1n agujeros, se har\u00e1n desv\u00edos para el agua y se retirar\u00e1n piedras.<\/li><\/ul>\n\n\n\n<ul><li><span style=\"text-decoration: underline;\">Calle Eucalipto (La Masieta):<\/span> Se arreglar\u00e1 y se har\u00e1 un desv\u00edo para desviar el agua de lluvia.<\/li><\/ul>\n\n\n\n<ul><li><span style=\"text-decoration: underline;\">Calle Abeto (La Masieta)<\/span>: Se tapar\u00e1n los agujeros al asfalto.<\/li><\/ul>\n\n\n\n<ul><li><span style=\"text-decoration: underline;\">Calle Baix Camp (Santa Cristina):<\/span> Se sacar\u00e1 el pavimento en mal sido, se nivelar\u00e1, se compactar\u00e1 y se hormigonar\u00e1.<\/li><\/ul>\n\n\n\n<p>Estas intervenciones contribuir\u00e1n a mejorar la movilidad y la seguridad de los usuarios de estos caminos y calles, a la vez que se previenen futuros da\u00f1os causados por las inclemencias meteorol\u00f3gicas.<\/p>\n\n\n\n<p>El Ajuntament de La Bisbal del Pened\u00e8s reafirma as\u00ed su compromiso con el mantenimiento y la mejora de las infraestructuras del municipio, priorizando la seguridad y el bienestar de sus ciudadanos.<\/p>\n","protected":false},"excerpt":{"rendered":"<p>La Junta de Govern Local de l&#8217;Ajuntament de La Bisbal del Pened\u00e8s, en la seva sessi\u00f3 del 30 de setembre, ha aprovat un contracte menor amb l&#8217;empresa Josep Ma. Sol\u00e9 &hellip; <a href=\"https:\/\/bisbalpenedes.com\/web\/2024\/10\/02\/lajuntament-de-la-bisbal-del-penedes-aprova-un-contracte-per-arranjar-diversos-camins-i-carrers-del-municipi\/\" class=\"more-link\">Read More<\/a><\/p>\n","protected":false},"author":4,"featured_media":31931,"comment_status":"closed","ping_status":"closed","sticky":false,"template":"","format":"standard","meta":[],"categories":[4287,8,6393],"tags":[393,587,6861,623],"_links":{"self":[{"href":"https:\/\/bisbalpenedes.com\/web\/wp-json\/wp\/v2\/posts\/31930"}],"collection":[{"href":"https:\/\/bisbalpenedes.com\/web\/wp-json\/wp\/v2\/posts"}],"about":[{"href":"https:\/\/bisbalpenedes.com\/web\/wp-json\/wp\/v2\/types\/post"}],"author":[{"embeddable":true,"href":"https:\/\/bisbalpenedes.com\/web\/wp-json\/wp\/v2\/users\/4"}],"replies":[{"embeddable":true,"href":"https:\/\/bisbalpenedes.com\/web\/wp-json\/wp\/v2\/comments?post=31930"}],"version-history":[{"count":1,"href":"https:\/\/bisbalpenedes.com\/web\/wp-json\/wp\/v2\/posts\/31930\/revisions"}],"predecessor-version":[{"id":31932,"href":"https:\/\/bisbalpenedes.com\/web\/wp-json\/wp\/v2\/posts\/31930\/revisions\/31932"}],"wp:featuredmedia":[{"embeddable":true,"href":"https:\/\/bisbalpenedes.com\/web\/wp-json\/wp\/v2\/media\/31931"}],"wp:attachment":[{"href":"https:\/\/bisbalpenedes.com\/web\/wp-json\/wp\/v2\/media?parent=31930"}],"wp:term":[{"taxonomy":"category","embeddable":true,"href":"https:\/\/bisbalpenedes.com\/web\/wp-json\/wp\/v2\/categories?post=31930"},{"taxonomy":"post_tag","embeddable":true,"href":"https:\/\/bisbalpenedes.com\/web\/wp-json\/wp\/v2\/tags?post=31930"}],"curies":[{"name":"wp","href":"https:\/\/api.w.org\/{rel}","templated":true}]}}