{"id":31920,"date":"2024-10-02T09:53:44","date_gmt":"2024-10-02T07:53:44","guid":{"rendered":"https:\/\/bisbalpenedes.com\/web\/?p=31920"},"modified":"2024-10-02T09:53:44","modified_gmt":"2024-10-02T07:53:44","slug":"la-bisbal-del-penedes-ha-estat-present-en-el-debat-sobre-salut-i-mon-local-aquest-dilluns","status":"publish","type":"post","link":"https:\/\/bisbalpenedes.com\/web\/2024\/10\/02\/la-bisbal-del-penedes-ha-estat-present-en-el-debat-sobre-salut-i-mon-local-aquest-dilluns\/","title":{"rendered":"La Bisbal del Pened\u00e8s ha estat present en el debat sobre salut i m\u00f3n local aquest dilluns"},"content":{"rendered":"\n<p>La Bisbal del Pened\u00e8s ha estat present en el debat sobre salut i m\u00f3n local.<\/p>\n\n\n\n<p>El passat dilluns, al CosmoCaixa de Barcelona, es va celebrar el 1r Congr\u00e9s de Salut i M\u00f3n Local. Els regidors Paqui Cepas (Gent Gran) i Feliu Gil (Sanitat) hi van assistir, representant La Bisbal del Pened\u00e8s.<\/p>\n\n\n\n<p>Va ser una jornada molt enriquidora on s\u2019hi van tractar els temes seg\u00fcents:<\/p>\n\n\n\n<ul><li>Governs locals com a actors imprescindibles per millorar la salut i sostenibilitat<\/li><li>Estrat\u00e8gies de prevenci\u00f3 i promoci\u00f3 de la salut<\/li><li>Reptes en protecci\u00f3 de la salut davant l&#8217;emerg\u00e8ncia clim\u00e0tica<\/li><li>Governan\u00e7a del sistema social i de salut<\/li><li>Col\u00b7laboraci\u00f3 entre administracions<\/li><\/ul>\n\n\n\n<hr class=\"wp-block-separator has-alpha-channel-opacity\"\/>\n\n\n\n<p><strong>CASTELLANO |<\/strong> La Bisbal del Pened\u00e8s ha estado presente en el debate sobre salud y mundo local.<\/p>\n\n\n\n<p>El pasado lunes, en el CosmoCaixa de Barcelona, se celebr\u00f3 el 1er Congreso de Salud y Mundo Local. Los concejales Paqui Cepas (Gente Mayor) y Feliu Gil (Sanidad) asistieron, representando a La Bisbal del Pened\u00e8s.<\/p>\n\n\n\n<p>Fue una jornada muy enriquecedora donde se trataron los siguientes temas:<\/p>\n\n\n\n<ul><li>Gobiernos locales como actores imprescindibles para mejorar la salud y sostenibilidad<\/li><li>Estrategias de prevenci\u00f3n y promoci\u00f3n de la salud<\/li><li>Retos en protecci\u00f3n de la salud ante la emergencia clim\u00e1tica<\/li><li>Gobernanza del sistema social y de salud<\/li><li>Colaboraci\u00f3n entre administraciones<\/li><\/ul>\n\n\n\n<figure class=\"wp-block-image size-large\"><img loading=\"lazy\" width=\"1024\" height=\"462\" src=\"https:\/\/bisbalpenedes.com\/web\/wp-content\/uploads\/2024\/10\/CONGRES-SALUT-MON-LOCAL-2-1024x462.jpeg\" alt=\"\" class=\"wp-image-31922\" srcset=\"https:\/\/bisbalpenedes.com\/web\/wp-content\/uploads\/2024\/10\/CONGRES-SALUT-MON-LOCAL-2-1024x462.jpeg 1024w, https:\/\/bisbalpenedes.com\/web\/wp-content\/uploads\/2024\/10\/CONGRES-SALUT-MON-LOCAL-2-300x135.jpeg 300w, https:\/\/bisbalpenedes.com\/web\/wp-content\/uploads\/2024\/10\/CONGRES-SALUT-MON-LOCAL-2-768x346.jpeg 768w, https:\/\/bisbalpenedes.com\/web\/wp-content\/uploads\/2024\/10\/CONGRES-SALUT-MON-LOCAL-2-1536x692.jpeg 1536w, https:\/\/bisbalpenedes.com\/web\/wp-content\/uploads\/2024\/10\/CONGRES-SALUT-MON-LOCAL-2-600x270.jpeg 600w, https:\/\/bisbalpenedes.com\/web\/wp-content\/uploads\/2024\/10\/CONGRES-SALUT-MON-LOCAL-2.jpeg 2048w\" sizes=\"(max-width: 1024px) 100vw, 1024px\" \/><\/figure>\n","protected":false},"excerpt":{"rendered":"<p>La Bisbal del Pened\u00e8s ha estat present en el debat sobre salut i m\u00f3n local. El passat dilluns, al CosmoCaixa de Barcelona, es va celebrar el 1r Congr\u00e9s de Salut &hellip; <a href=\"https:\/\/bisbalpenedes.com\/web\/2024\/10\/02\/la-bisbal-del-penedes-ha-estat-present-en-el-debat-sobre-salut-i-mon-local-aquest-dilluns\/\" class=\"more-link\">Read More<\/a><\/p>\n","protected":false},"author":4,"featured_media":31921,"comment_status":"closed","ping_status":"closed","sticky":false,"template":"","format":"standard","meta":[],"categories":[464,8,14],"tags":[393,3617,145],"_links":{"self":[{"href":"https:\/\/bisbalpenedes.com\/web\/wp-json\/wp\/v2\/posts\/31920"}],"collection":[{"href":"https:\/\/bisbalpenedes.com\/web\/wp-json\/wp\/v2\/posts"}],"about":[{"href":"https:\/\/bisbalpenedes.com\/web\/wp-json\/wp\/v2\/types\/post"}],"author":[{"embeddable":true,"href":"https:\/\/bisbalpenedes.com\/web\/wp-json\/wp\/v2\/users\/4"}],"replies":[{"embeddable":true,"href":"https:\/\/bisbalpenedes.com\/web\/wp-json\/wp\/v2\/comments?post=31920"}],"version-history":[{"count":1,"href":"https:\/\/bisbalpenedes.com\/web\/wp-json\/wp\/v2\/posts\/31920\/revisions"}],"predecessor-version":[{"id":31923,"href":"https:\/\/bisbalpenedes.com\/web\/wp-json\/wp\/v2\/posts\/31920\/revisions\/31923"}],"wp:featuredmedia":[{"embeddable":true,"href":"https:\/\/bisbalpenedes.com\/web\/wp-json\/wp\/v2\/media\/31921"}],"wp:attachment":[{"href":"https:\/\/bisbalpenedes.com\/web\/wp-json\/wp\/v2\/media?parent=31920"}],"wp:term":[{"taxonomy":"category","embeddable":true,"href":"https:\/\/bisbalpenedes.com\/web\/wp-json\/wp\/v2\/categories?post=31920"},{"taxonomy":"post_tag","embeddable":true,"href":"https:\/\/bisbalpenedes.com\/web\/wp-json\/wp\/v2\/tags?post=31920"}],"curies":[{"name":"wp","href":"https:\/\/api.w.org\/{rel}","templated":true}]}}