{"id":31879,"date":"2024-10-01T17:39:49","date_gmt":"2024-10-01T15:39:49","guid":{"rendered":"https:\/\/bisbalpenedes.com\/web\/?p=31879"},"modified":"2024-10-01T17:42:11","modified_gmt":"2024-10-01T15:42:11","slug":"la-bisbal-del-penedes-estrena-sis-nous-murals-i-quatre-fotoreclams","status":"publish","type":"post","link":"https:\/\/bisbalpenedes.com\/web\/2024\/10\/01\/la-bisbal-del-penedes-estrena-sis-nous-murals-i-quatre-fotoreclams\/","title":{"rendered":"<a><\/a><a><strong>La Bisbal del Pened\u00e8s estrena sis nous murals i quatre fotoreclams<\/strong><\/a>"},"content":{"rendered":"\n<p><strong>La darrera edici\u00f3 del GraffTech Fest va omplir els carrers d\u2019art urb\u00e0 i d\u2019un ambient festiu, amb la participaci\u00f3 de diverses entitats de la vila<\/strong><\/p>\n\n\n\n<p><strong>Pr\u00f2ximament, es podr\u00e0 gaudir de la realitat augmentada en aquests sis nous murals<\/strong><\/p>\n\n\n\n<p>La Bisbal del Pened\u00e8s va viure una nova edici\u00f3 del GraffTech Fest del 20 al 22 de setembre, amb la participaci\u00f3 de vuit reconeguts artistes del m\u00f3n de l\u2019art mural que han treballat en la creaci\u00f3 de <strong>sis nous murals i quatre fotoreclams <\/strong>(<em>photocalls<\/em> murals). Pr\u00f2ximament,<strong> aquests murals incorporaran realitat augmentada<\/strong>, com la resta d\u2019obres que es van pintar durant la primera edici\u00f3 del festival.<\/p>\n\n\n\n<p>Els <strong>artistes<\/strong> que han participat en aquesta nova edici\u00f3 han estat <strong>Lalone, Sasa, MariaDie, Nauni, Dank, Eslicer, Dridali i Quini<\/strong> i, enguany, <strong>les pintures s\u2019han inspirat en les entitats locals i les tradicions del municipi<\/strong>. S\u2019han creat murals dedicats al Ball de Gitanes de la Bisbal del Pened\u00e8s, al Ball de Diables de la Bisbal del Pened\u00e8s, als Geganters de la Societat, al Club d\u2019Escacs de la Societat, a la tradici\u00f3 del Pa Bene\u00eft (portar la coca) i, finalment, al contrast entre passat i futur amb un mural en qu\u00e8 es pot observar un infant intentant endollar un cable USB a una fal\u00e7. A m\u00e9s dels murals, l\u2019artista Quini ha pintat <strong>quatre fotoreclams en diversos punts de la vila perqu\u00e8 els visitants puguin fer-se fotos amb ells.<\/strong><\/p>\n\n\n\n<p>El darrer dia del festival, el diumenge<strong>, es va celebrar una petita festa davant dels murals, que va incloure una cercavila amb la participaci\u00f3 de les entitats representades.<\/strong> Aquest acte va permetre als visitants i residents apreciar de prop les noves obres d&#8217;art urb\u00e0. A m\u00e9s, els artistes van tenir l&#8217;oportunitat d&#8217;experimentar de primera m\u00e0 alguns d&#8217;aquests elements de la cultura popular local, posant-se a la pell d\u2019un diable en un correfoc o fent ballar un gegant.<\/p>\n\n\n\n<p>L&#8217;alcaldessa de La Bisbal del Pened\u00e8s, Agn\u00e8s Ferr\u00e9, va expressar el seu agra\u00efment a tots els involucrats: <em>&#8220;volem donar les gr\u00e0cies a totes les persones i entitats que han fet possible aquest esdeveniment, <strong>especialment als ve\u00efns que generosament van cedir les seves fa\u00e7anes per als murals<\/strong>. Tamb\u00e9 felicitem en Jaume Junqu\u00e9 i el seu equip de Suite of Art per la seva feina \u00e0rdua per fer que aquesta iniciativa sigui un \u00e8xit rotund&#8221;.<\/em><\/p>\n\n\n\n<p>La regidora de Cultura i Turisme, Judith Vidal, ha explicat que<em> \u201cen aquesta nova edici\u00f3 del <strong>festival hem volgut iniciar un homenatge a les entitats de la vila,<\/strong> ja que s\u00f3n molt importants per al teixit social de la Bisbal, aporten una gran riquesa immaterial a la Bisbal i porten el nom del poble all\u00e0 on van. A m\u00e9s, s\u00f3n part de la nostra identitat. Per aix\u00f2, hem apostat per dedicar-los alguns dels murals perqu\u00e8 tots els visitants puguin con\u00e8ixer les nostres festes i tradicions\u201d. <\/em>Vidal ha afegit que<em> \u201c<strong>aquesta iniciativa tindr\u00e0 continu\u00eftat,<\/strong> ja que la intenci\u00f3 \u00e9s continuar fent murals i poder anant representar els diferents elements de cultura popular del municipi\u201d.<\/em><\/p>\n\n\n\n<p><strong>El GraffTech Fest fusiona art, cultura i tecnologia<\/strong> i, per aix\u00f2, pr\u00f2ximament oferir\u00e0 als visitants l&#8217;oportunitat de gaudir dels murals a trav\u00e9s de la realitat augmentada 2D i 3D. Per fer-ho possible, <strong>s&#8217;instal\u00b7laran codis QR al costat de les pintures<\/strong> per accedir a aquesta experi\u00e8ncia interactiva, com ja es va fer en l\u2019edici\u00f3 passada. Amb aquestes darreres obres, la Bisbal del Pened\u00e8s ja compta amb una trentena de pintures amb realitat augmentada que decoren els seus carrers, parets i places.<\/p>\n\n\n\n<p>El GraffTech Fest no nom\u00e9s ha embellit els carrers de La Bisbal del Pened\u00e8s amb art urb\u00e0 de qualitat, sin\u00f3 que tamb\u00e9 ha demostrat ser <strong>un catalitzador per al turisme i la projecci\u00f3 cultural del municipi<\/strong>. Amb aquesta segona edici\u00f3, el festival es consolida com un esdeveniment de refer\u00e8ncia en la fusi\u00f3 d&#8217;art urb\u00e0 i tecnologia.<\/p>\n\n\n\n<hr class=\"wp-block-separator has-alpha-channel-opacity\"\/>\n\n\n\n<h2>CASTELLANO |&nbsp;<strong>La Bisbal del Pened\u00e8s estrena seis nuevos murales y cuatro fotoreclamos<\/strong><\/h2>\n\n\n\n<h3><strong>La \u00faltima edici\u00f3n del GraffTech Fest llen\u00f3 las calles de arte urbano y de un ambiente festivo, con la participaci\u00f3n de varias entidades de la Bisbal<\/strong><\/h3>\n\n\n\n<h3><strong>Pr\u00f3ximamente, se podr\u00e1 disfrutar de la realidad aumentada en estos seis nuevos murales.<\/strong><\/h3>\n\n\n\n<p>La Bisbal del Pened\u00e8s vivi\u00f3 una nueva edici\u00f3n del GraffTech Fest del 20 al 22 de septiembre, con la participaci\u00f3n de ocho reconocidos artistas del mundo del arte mural que han trabajado en la creaci\u00f3n de <strong>seis nuevos murales y cuatro fotoreclamos <\/strong>(<em>photocalls<\/em> murales). Pr\u00f3ximamente, <strong>estos murales incorporar\u00e1n realidad aumentada, <\/strong>como el resto de obras que se pintaron durante la primera edici\u00f3n del festival.<\/p>\n\n\n\n<p>Los <strong>artistas<\/strong> que han participado en esta nueva edici\u00f3n han sido <strong>Lalone, Sasa, MariaDie, Nauni, Dank, Eslicer, Dridali y Quini y, este a\u00f1o, las pinturas se han inspirado en las entidades locales y las tradiciones del municipio.<\/strong> Se han creado murales dedicados al Ball de Gitanes de la Bisbal del Pened\u00e8s, al Ball de Diables de la Bisbal del Pened\u00e8s, a los Geganters de la Societat, al Club d\u2019Escacs de la Societat, a la tradici\u00f3n del Pa Bene\u00eft (llevar la coca) y, finalmente, al contraste entre pasado y futuro con un mural en el que se puede observar a un ni\u00f1o intentando enchufar un cable USB a una hoz. Adem\u00e1s de los murales, el artista Quini ha pintado <strong>cuatro fotoreclamos en varios puntos de la Bisbal para que los visitantes puedan hacerse fotos con ellos.<\/strong><\/p>\n\n\n\n<p>El \u00faltimo d\u00eda del festival, el domingo, <strong>se celebr\u00f3 una peque\u00f1a fiesta frente a los murales, que incluy\u00f3 un pasacalles con la participaci\u00f3n de las entidades representadas.<\/strong> Este acto permiti\u00f3 a los visitantes y residentes apreciar de cerca las nuevas obras de arte urbano. Adem\u00e1s, los artistas tuvieron la oportunidad de experimentar de primera mano algunos de estos elementos de la cultura popular local, poni\u00e9ndose en la piel de un diablo en un correfoc o haciendo bailar a un gigante.<\/p>\n\n\n\n<p>La alcaldesa de La Bisbal del Pened\u00e8s, Agn\u00e8s Ferr\u00e9, expres\u00f3 su agradecimiento a todos los involucrados: <em>&#8220;queremos dar las gracias a todas las personas y entidades que han hecho posible este evento, <strong>especialmente a los vecinos que generosamente cedieron sus fachadas para los murales.<\/strong> Tambi\u00e9n felicitamos a Jaume Junqu\u00e9 y a su equipo de Suite of Art por su arduo trabajo para hacer que esta iniciativa sea un \u00e9xito rotundo&#8221;.<\/em><\/p>\n\n\n\n<p>La concejala de Cultura y Turismo, Judith Vidal, explic\u00f3 que <em>\u201cen esta nueva edici\u00f3n del <strong>festival hemos querido iniciar un homenaje a las entidades de la Bisbal<\/strong>, ya que son muy importantes para el tejido social de la villa, aportan una gran riqueza inmaterial a La Bisbal y llevan el nombre del pueblo all\u00e1 donde van. Adem\u00e1s, son parte de nuestra identidad. Por eso, hemos apostado por dedicarles algunos de los murales para que todos los visitantes puedan conocer nuestras fiestas y tradiciones\u201d.<\/em> Vidal a\u00f1adi\u00f3 que <em>\u201c<strong>esta iniciativa tendr\u00e1 continuidad,<\/strong> ya que la intenci\u00f3n es seguir haciendo murales y poder ir representando los diferentes elementos de cultura popular del municipio\u201d.<\/em><\/p>\n\n\n\n<p><strong>El GraffTech Fest fusiona arte, cultura y tecnolog\u00eda<\/strong> y, por eso, pr\u00f3ximamente ofrecer\u00e1 a los visitantes la oportunidad de disfrutar de los murales a trav\u00e9s de la realidad aumentada 2D y 3D. Para hacerlo posible, <strong>se instalar\u00e1n c\u00f3digos QR al lado de las pinturas<\/strong> para acceder a esta experiencia interactiva, como ya se hizo en la edici\u00f3n pasada. Con estas \u00faltimas obras, La Bisbal del Pened\u00e8s ya cuenta con una treintena de pinturas con realidad aumentada que decoran sus calles, paredes y plazas.<\/p>\n\n\n\n<p>El GraffTech Fest no solo ha embellecido las calles de La Bisbal del Pened\u00e8s con arte urbano de calidad, sino que tambi\u00e9n ha demostrado ser <strong>un catalizador para el turismo y la proyecci\u00f3n cultural del municipio<\/strong>. Con esta segunda edici\u00f3n, el festival se consolida como un evento de referencia en la fusi\u00f3n de arte urbano y tecnolog\u00eda.<\/p>\n\n\n\n<figure class=\"wp-container-2 wp-block-gallery-1 wp-block-gallery has-nested-images columns-default is-cropped\">\n<figure class=\"wp-block-image size-large\"><img loading=\"lazy\" width=\"1024\" height=\"886\" data-id=\"31885\"  src=\"https:\/\/bisbalpenedes.com\/web\/wp-content\/uploads\/2024\/10\/MURAL-BALL-DE-GITANES-1024x886.jpeg\" alt=\"\" class=\"wp-image-31885\" srcset=\"https:\/\/bisbalpenedes.com\/web\/wp-content\/uploads\/2024\/10\/MURAL-BALL-DE-GITANES-1024x886.jpeg 1024w, https:\/\/bisbalpenedes.com\/web\/wp-content\/uploads\/2024\/10\/MURAL-BALL-DE-GITANES-300x259.jpeg 300w, https:\/\/bisbalpenedes.com\/web\/wp-content\/uploads\/2024\/10\/MURAL-BALL-DE-GITANES-768x664.jpeg 768w, https:\/\/bisbalpenedes.com\/web\/wp-content\/uploads\/2024\/10\/MURAL-BALL-DE-GITANES-1536x1328.jpeg 1536w, https:\/\/bisbalpenedes.com\/web\/wp-content\/uploads\/2024\/10\/MURAL-BALL-DE-GITANES-600x519.jpeg 600w, https:\/\/bisbalpenedes.com\/web\/wp-content\/uploads\/2024\/10\/MURAL-BALL-DE-GITANES.jpeg 2048w\" sizes=\"(max-width: 1024px) 100vw, 1024px\" \/><\/figure>\n\n\n\n<figure class=\"wp-block-image size-large\"><img loading=\"lazy\" width=\"1024\" height=\"768\" data-id=\"31894\"  src=\"https:\/\/bisbalpenedes.com\/web\/wp-content\/uploads\/2024\/10\/MURAL-BALL-DE-GITANES-2-1-1024x768.jpeg\" alt=\"\" class=\"wp-image-31894\" srcset=\"https:\/\/bisbalpenedes.com\/web\/wp-content\/uploads\/2024\/10\/MURAL-BALL-DE-GITANES-2-1-1024x768.jpeg 1024w, https:\/\/bisbalpenedes.com\/web\/wp-content\/uploads\/2024\/10\/MURAL-BALL-DE-GITANES-2-1-300x225.jpeg 300w, https:\/\/bisbalpenedes.com\/web\/wp-content\/uploads\/2024\/10\/MURAL-BALL-DE-GITANES-2-1-768x576.jpeg 768w, https:\/\/bisbalpenedes.com\/web\/wp-content\/uploads\/2024\/10\/MURAL-BALL-DE-GITANES-2-1-1536x1152.jpeg 1536w, https:\/\/bisbalpenedes.com\/web\/wp-content\/uploads\/2024\/10\/MURAL-BALL-DE-GITANES-2-1-2048x1536.jpeg 2048w, https:\/\/bisbalpenedes.com\/web\/wp-content\/uploads\/2024\/10\/MURAL-BALL-DE-GITANES-2-1-600x450.jpeg 600w\" sizes=\"(max-width: 1024px) 100vw, 1024px\" \/><\/figure>\n\n\n\n<figure class=\"wp-block-image size-large\"><img loading=\"lazy\" width=\"1024\" height=\"847\" data-id=\"31883\"  src=\"https:\/\/bisbalpenedes.com\/web\/wp-content\/uploads\/2024\/10\/MURAL-DIABLES-BALL-DE-DIABLES-DE-LA-BISBAL-1024x847.jpeg\" alt=\"\" class=\"wp-image-31883\" srcset=\"https:\/\/bisbalpenedes.com\/web\/wp-content\/uploads\/2024\/10\/MURAL-DIABLES-BALL-DE-DIABLES-DE-LA-BISBAL-1024x847.jpeg 1024w, https:\/\/bisbalpenedes.com\/web\/wp-content\/uploads\/2024\/10\/MURAL-DIABLES-BALL-DE-DIABLES-DE-LA-BISBAL-300x248.jpeg 300w, https:\/\/bisbalpenedes.com\/web\/wp-content\/uploads\/2024\/10\/MURAL-DIABLES-BALL-DE-DIABLES-DE-LA-BISBAL-768x635.jpeg 768w, https:\/\/bisbalpenedes.com\/web\/wp-content\/uploads\/2024\/10\/MURAL-DIABLES-BALL-DE-DIABLES-DE-LA-BISBAL-1536x1270.jpeg 1536w, https:\/\/bisbalpenedes.com\/web\/wp-content\/uploads\/2024\/10\/MURAL-DIABLES-BALL-DE-DIABLES-DE-LA-BISBAL-600x496.jpeg 600w, https:\/\/bisbalpenedes.com\/web\/wp-content\/uploads\/2024\/10\/MURAL-DIABLES-BALL-DE-DIABLES-DE-LA-BISBAL.jpeg 2048w\" sizes=\"(max-width: 1024px) 100vw, 1024px\" \/><\/figure>\n\n\n\n<figure class=\"wp-block-image size-large\"><img loading=\"lazy\" width=\"1024\" height=\"847\" data-id=\"31880\"  src=\"https:\/\/bisbalpenedes.com\/web\/wp-content\/uploads\/2024\/10\/MURAL-ESCACS-1024x847.jpeg\" alt=\"\" class=\"wp-image-31880\" srcset=\"https:\/\/bisbalpenedes.com\/web\/wp-content\/uploads\/2024\/10\/MURAL-ESCACS-1024x847.jpeg 1024w, https:\/\/bisbalpenedes.com\/web\/wp-content\/uploads\/2024\/10\/MURAL-ESCACS-300x248.jpeg 300w, https:\/\/bisbalpenedes.com\/web\/wp-content\/uploads\/2024\/10\/MURAL-ESCACS-768x635.jpeg 768w, https:\/\/bisbalpenedes.com\/web\/wp-content\/uploads\/2024\/10\/MURAL-ESCACS-600x496.jpeg 600w, https:\/\/bisbalpenedes.com\/web\/wp-content\/uploads\/2024\/10\/MURAL-ESCACS.jpeg 1440w\" sizes=\"(max-width: 1024px) 100vw, 1024px\" \/><\/figure>\n\n\n\n<figure class=\"wp-block-image size-large\"><img loading=\"lazy\" width=\"1024\" height=\"768\" data-id=\"31887\"  src=\"https:\/\/bisbalpenedes.com\/web\/wp-content\/uploads\/2024\/10\/MURAL-FALC\u0327-1024x768.jpeg\" alt=\"\" class=\"wp-image-31887\" srcset=\"https:\/\/bisbalpenedes.com\/web\/wp-content\/uploads\/2024\/10\/MURAL-FALC\u0327-1024x768.jpeg 1024w, https:\/\/bisbalpenedes.com\/web\/wp-content\/uploads\/2024\/10\/MURAL-FALC\u0327-300x225.jpeg 300w, https:\/\/bisbalpenedes.com\/web\/wp-content\/uploads\/2024\/10\/MURAL-FALC\u0327-768x576.jpeg 768w, https:\/\/bisbalpenedes.com\/web\/wp-content\/uploads\/2024\/10\/MURAL-FALC\u0327-1536x1152.jpeg 1536w, https:\/\/bisbalpenedes.com\/web\/wp-content\/uploads\/2024\/10\/MURAL-FALC\u0327-2048x1536.jpeg 2048w, https:\/\/bisbalpenedes.com\/web\/wp-content\/uploads\/2024\/10\/MURAL-FALC\u0327-600x450.jpeg 600w\" sizes=\"(max-width: 1024px) 100vw, 1024px\" \/><\/figure>\n\n\n\n<figure class=\"wp-block-image size-large\"><img loading=\"lazy\" width=\"1024\" height=\"851\" data-id=\"31882\"  src=\"https:\/\/bisbalpenedes.com\/web\/wp-content\/uploads\/2024\/10\/MURAL-GEGANTERS-I-GRALLERS-1024x851.jpeg\" alt=\"\" class=\"wp-image-31882\" srcset=\"https:\/\/bisbalpenedes.com\/web\/wp-content\/uploads\/2024\/10\/MURAL-GEGANTERS-I-GRALLERS-1024x851.jpeg 1024w, https:\/\/bisbalpenedes.com\/web\/wp-content\/uploads\/2024\/10\/MURAL-GEGANTERS-I-GRALLERS-300x249.jpeg 300w, https:\/\/bisbalpenedes.com\/web\/wp-content\/uploads\/2024\/10\/MURAL-GEGANTERS-I-GRALLERS-768x638.jpeg 768w, https:\/\/bisbalpenedes.com\/web\/wp-content\/uploads\/2024\/10\/MURAL-GEGANTERS-I-GRALLERS-600x499.jpeg 600w, https:\/\/bisbalpenedes.com\/web\/wp-content\/uploads\/2024\/10\/MURAL-GEGANTERS-I-GRALLERS.jpeg 1440w\" sizes=\"(max-width: 1024px) 100vw, 1024px\" \/><\/figure>\n\n\n\n<figure class=\"wp-block-image size-large\"><img loading=\"lazy\" width=\"1024\" height=\"768\" data-id=\"31886\"  src=\"https:\/\/bisbalpenedes.com\/web\/wp-content\/uploads\/2024\/10\/MURAL-PA-BENEI\u0308T-1024x768.jpeg\" alt=\"\" class=\"wp-image-31886\" srcset=\"https:\/\/bisbalpenedes.com\/web\/wp-content\/uploads\/2024\/10\/MURAL-PA-BENEI\u0308T-1024x768.jpeg 1024w, https:\/\/bisbalpenedes.com\/web\/wp-content\/uploads\/2024\/10\/MURAL-PA-BENEI\u0308T-300x225.jpeg 300w, https:\/\/bisbalpenedes.com\/web\/wp-content\/uploads\/2024\/10\/MURAL-PA-BENEI\u0308T-768x576.jpeg 768w, https:\/\/bisbalpenedes.com\/web\/wp-content\/uploads\/2024\/10\/MURAL-PA-BENEI\u0308T-1536x1152.jpeg 1536w, https:\/\/bisbalpenedes.com\/web\/wp-content\/uploads\/2024\/10\/MURAL-PA-BENEI\u0308T-2048x1536.jpeg 2048w, https:\/\/bisbalpenedes.com\/web\/wp-content\/uploads\/2024\/10\/MURAL-PA-BENEI\u0308T-600x450.jpeg 600w\" sizes=\"(max-width: 1024px) 100vw, 1024px\" \/><\/figure>\n\n\n\n<figure class=\"wp-block-image size-large\"><img loading=\"lazy\" width=\"1024\" height=\"768\" data-id=\"31884\"  src=\"https:\/\/bisbalpenedes.com\/web\/wp-content\/uploads\/2024\/10\/PHOTOCALL-1-1024x768.jpeg\" alt=\"\" class=\"wp-image-31884\" srcset=\"https:\/\/bisbalpenedes.com\/web\/wp-content\/uploads\/2024\/10\/PHOTOCALL-1-1024x768.jpeg 1024w, https:\/\/bisbalpenedes.com\/web\/wp-content\/uploads\/2024\/10\/PHOTOCALL-1-300x225.jpeg 300w, https:\/\/bisbalpenedes.com\/web\/wp-content\/uploads\/2024\/10\/PHOTOCALL-1-768x576.jpeg 768w, https:\/\/bisbalpenedes.com\/web\/wp-content\/uploads\/2024\/10\/PHOTOCALL-1-1536x1152.jpeg 1536w, https:\/\/bisbalpenedes.com\/web\/wp-content\/uploads\/2024\/10\/PHOTOCALL-1-2048x1536.jpeg 2048w, https:\/\/bisbalpenedes.com\/web\/wp-content\/uploads\/2024\/10\/PHOTOCALL-1-600x450.jpeg 600w\" sizes=\"(max-width: 1024px) 100vw, 1024px\" \/><\/figure>\n\n\n\n<figure class=\"wp-block-image size-large\"><img loading=\"lazy\" width=\"768\" height=\"1024\" data-id=\"31881\"  src=\"https:\/\/bisbalpenedes.com\/web\/wp-content\/uploads\/2024\/10\/PHOTOCALL-4-ALCALDESSA-768x1024.jpg\" alt=\"\" class=\"wp-image-31881\" srcset=\"https:\/\/bisbalpenedes.com\/web\/wp-content\/uploads\/2024\/10\/PHOTOCALL-4-ALCALDESSA-768x1024.jpg 768w, https:\/\/bisbalpenedes.com\/web\/wp-content\/uploads\/2024\/10\/PHOTOCALL-4-ALCALDESSA-225x300.jpg 225w, https:\/\/bisbalpenedes.com\/web\/wp-content\/uploads\/2024\/10\/PHOTOCALL-4-ALCALDESSA-1152x1536.jpg 1152w, https:\/\/bisbalpenedes.com\/web\/wp-content\/uploads\/2024\/10\/PHOTOCALL-4-ALCALDESSA-1536x2048.jpg 1536w, https:\/\/bisbalpenedes.com\/web\/wp-content\/uploads\/2024\/10\/PHOTOCALL-4-ALCALDESSA-600x800.jpg 600w, https:\/\/bisbalpenedes.com\/web\/wp-content\/uploads\/2024\/10\/PHOTOCALL-4-ALCALDESSA-scaled.jpg 1920w\" sizes=\"(max-width: 768px) 100vw, 768px\" \/><\/figure>\n\n\n\n<figure class=\"wp-block-image size-large\"><img loading=\"lazy\" width=\"768\" height=\"1024\" data-id=\"31888\"  src=\"https:\/\/bisbalpenedes.com\/web\/wp-content\/uploads\/2024\/10\/PHOTOCALL-3-768x1024.jpeg\" alt=\"\" class=\"wp-image-31888\" srcset=\"https:\/\/bisbalpenedes.com\/web\/wp-content\/uploads\/2024\/10\/PHOTOCALL-3-768x1024.jpeg 768w, https:\/\/bisbalpenedes.com\/web\/wp-content\/uploads\/2024\/10\/PHOTOCALL-3-225x300.jpeg 225w, https:\/\/bisbalpenedes.com\/web\/wp-content\/uploads\/2024\/10\/PHOTOCALL-3-1152x1536.jpeg 1152w, https:\/\/bisbalpenedes.com\/web\/wp-content\/uploads\/2024\/10\/PHOTOCALL-3-1536x2048.jpeg 1536w, https:\/\/bisbalpenedes.com\/web\/wp-content\/uploads\/2024\/10\/PHOTOCALL-3-600x800.jpeg 600w, https:\/\/bisbalpenedes.com\/web\/wp-content\/uploads\/2024\/10\/PHOTOCALL-3-scaled.jpeg 1920w\" sizes=\"(max-width: 768px) 100vw, 768px\" \/><\/figure>\n\n\n\n<figure class=\"wp-block-image size-large\"><img loading=\"lazy\" width=\"768\" height=\"1024\" data-id=\"31893\"  src=\"https:\/\/bisbalpenedes.com\/web\/wp-content\/uploads\/2024\/10\/PHOTOCALL-2-1-768x1024.jpeg\" alt=\"\" class=\"wp-image-31893\" srcset=\"https:\/\/bisbalpenedes.com\/web\/wp-content\/uploads\/2024\/10\/PHOTOCALL-2-1-768x1024.jpeg 768w, https:\/\/bisbalpenedes.com\/web\/wp-content\/uploads\/2024\/10\/PHOTOCALL-2-1-225x300.jpeg 225w, https:\/\/bisbalpenedes.com\/web\/wp-content\/uploads\/2024\/10\/PHOTOCALL-2-1-1152x1536.jpeg 1152w, https:\/\/bisbalpenedes.com\/web\/wp-content\/uploads\/2024\/10\/PHOTOCALL-2-1-1536x2048.jpeg 1536w, https:\/\/bisbalpenedes.com\/web\/wp-content\/uploads\/2024\/10\/PHOTOCALL-2-1-600x800.jpeg 600w, https:\/\/bisbalpenedes.com\/web\/wp-content\/uploads\/2024\/10\/PHOTOCALL-2-1-scaled.jpeg 1920w\" sizes=\"(max-width: 768px) 100vw, 768px\" \/><\/figure>\n<\/figure>\n","protected":false},"excerpt":{"rendered":"<p>La darrera edici\u00f3 del GraffTech Fest va omplir els carrers d\u2019art urb\u00e0 i d\u2019un ambient festiu, amb la participaci\u00f3 de diverses entitats de la vila Pr\u00f2ximament, es podr\u00e0 gaudir de &hellip; <a href=\"https:\/\/bisbalpenedes.com\/web\/2024\/10\/01\/la-bisbal-del-penedes-estrena-sis-nous-murals-i-quatre-fotoreclams\/\" class=\"more-link\">Read More<\/a><\/p>\n","protected":false},"author":4,"featured_media":31891,"comment_status":"closed","ping_status":"closed","sticky":false,"template":"","format":"standard","meta":[],"categories":[13,8],"tags":[459,393],"_links":{"self":[{"href":"https:\/\/bisbalpenedes.com\/web\/wp-json\/wp\/v2\/posts\/31879"}],"collection":[{"href":"https:\/\/bisbalpenedes.com\/web\/wp-json\/wp\/v2\/posts"}],"about":[{"href":"https:\/\/bisbalpenedes.com\/web\/wp-json\/wp\/v2\/types\/post"}],"author":[{"embeddable":true,"href":"https:\/\/bisbalpenedes.com\/web\/wp-json\/wp\/v2\/users\/4"}],"replies":[{"embeddable":true,"href":"https:\/\/bisbalpenedes.com\/web\/wp-json\/wp\/v2\/comments?post=31879"}],"version-history":[{"count":6,"href":"https:\/\/bisbalpenedes.com\/web\/wp-json\/wp\/v2\/posts\/31879\/revisions"}],"predecessor-version":[{"id":31901,"href":"https:\/\/bisbalpenedes.com\/web\/wp-json\/wp\/v2\/posts\/31879\/revisions\/31901"}],"wp:featuredmedia":[{"embeddable":true,"href":"https:\/\/bisbalpenedes.com\/web\/wp-json\/wp\/v2\/media\/31891"}],"wp:attachment":[{"href":"https:\/\/bisbalpenedes.com\/web\/wp-json\/wp\/v2\/media?parent=31879"}],"wp:term":[{"taxonomy":"category","embeddable":true,"href":"https:\/\/bisbalpenedes.com\/web\/wp-json\/wp\/v2\/categories?post=31879"},{"taxonomy":"post_tag","embeddable":true,"href":"https:\/\/bisbalpenedes.com\/web\/wp-json\/wp\/v2\/tags?post=31879"}],"curies":[{"name":"wp","href":"https:\/\/api.w.org\/{rel}","templated":true}]}}