{"id":31868,"date":"2024-09-29T06:55:04","date_gmt":"2024-09-29T04:55:04","guid":{"rendered":"https:\/\/bisbalpenedes.com\/web\/?p=31868"},"modified":"2024-09-29T06:55:04","modified_gmt":"2024-09-29T04:55:04","slug":"el-bisbalenc-josep-martinez-pepito-sha-proclamat-campio-despanya-de-veterans-65-al-campionat-de-seleccions-celebrat-a-caceres","status":"publish","type":"post","link":"https:\/\/bisbalpenedes.com\/web\/2024\/09\/29\/el-bisbalenc-josep-martinez-pepito-sha-proclamat-campio-despanya-de-veterans-65-al-campionat-de-seleccions-celebrat-a-caceres\/","title":{"rendered":"El bisbalenc Josep Mart\u00ednez (Pepito) s&#8217;ha proclamat campi\u00f3 d&#8217;Espanya de veterans +65 al campionat de seleccions celebrat a C\u00e0ceres"},"content":{"rendered":"\n<p>El passat cap de setmana el bisbalenc Josep Mart\u00ednez (Pepito) es va proclamar campi\u00f3 d\u2019Espanya de la categoria de veterans +65 de tennis de taula al campionat de seleccions, juntament amb el seu company Benito Garc\u00eda. El Campeonato de Espa\u00f1a de Selecciones Auton\u00f3micas de Veteranos es va disputar a C\u00e0ceres. Des d\u2019aqu\u00ed felicitem el bisbalenc Josep Mart\u00ednez i el seu company Benito per aquesta nova vict\u00f2ria!<\/p>\n\n\n\n<hr class=\"wp-block-separator has-alpha-channel-opacity\"\/>\n\n\n\n<p>El pasado fin de semana el bisbalenc <a><\/a>Josep Mart\u00ednez (Pepito) se proclam\u00f3 campe\u00f3n de Espa\u00f1a de la categor\u00eda de veteranos +65 de tenis de mesa en el campeonato de selecciones, junto con su compa\u00f1ero Benito Garc\u00eda. El Campeonato de Espa\u00f1a de Selecciones Auton\u00f3micas de Veteranos se disput\u00f3 en C\u00e1ceres. \u00a1Desde aqu\u00ed felicitamos al bisbalenc Josep Mart\u00ednez y a su compa\u00f1ero Benito por esta nueva victoria<\/p>\n\n\n\n<figure class=\"wp-block-image size-full\"><img loading=\"lazy\" width=\"452\" height=\"604\" src=\"https:\/\/bisbalpenedes.com\/web\/wp-content\/uploads\/2024\/09\/image.jpeg\" alt=\"\" class=\"wp-image-31869\" srcset=\"https:\/\/bisbalpenedes.com\/web\/wp-content\/uploads\/2024\/09\/image.jpeg 452w, https:\/\/bisbalpenedes.com\/web\/wp-content\/uploads\/2024\/09\/image-225x300.jpeg 225w\" sizes=\"(max-width: 452px) 100vw, 452px\" \/><\/figure>\n","protected":false},"excerpt":{"rendered":"<p>El passat cap de setmana el bisbalenc Josep Mart\u00ednez (Pepito) es va proclamar campi\u00f3 d\u2019Espanya de la categoria de veterans +65 de tennis de taula al campionat de seleccions, juntament &hellip; <a href=\"https:\/\/bisbalpenedes.com\/web\/2024\/09\/29\/el-bisbalenc-josep-martinez-pepito-sha-proclamat-campio-despanya-de-veterans-65-al-campionat-de-seleccions-celebrat-a-caceres\/\" class=\"more-link\">Read More<\/a><\/p>\n","protected":false},"author":4,"featured_media":31870,"comment_status":"closed","ping_status":"closed","sticky":false,"template":"","format":"standard","meta":[],"categories":[19,8],"tags":[3033,2537,4686,393,6790,1962,3034,6853],"_links":{"self":[{"href":"https:\/\/bisbalpenedes.com\/web\/wp-json\/wp\/v2\/posts\/31868"}],"collection":[{"href":"https:\/\/bisbalpenedes.com\/web\/wp-json\/wp\/v2\/posts"}],"about":[{"href":"https:\/\/bisbalpenedes.com\/web\/wp-json\/wp\/v2\/types\/post"}],"author":[{"embeddable":true,"href":"https:\/\/bisbalpenedes.com\/web\/wp-json\/wp\/v2\/users\/4"}],"replies":[{"embeddable":true,"href":"https:\/\/bisbalpenedes.com\/web\/wp-json\/wp\/v2\/comments?post=31868"}],"version-history":[{"count":1,"href":"https:\/\/bisbalpenedes.com\/web\/wp-json\/wp\/v2\/posts\/31868\/revisions"}],"predecessor-version":[{"id":31871,"href":"https:\/\/bisbalpenedes.com\/web\/wp-json\/wp\/v2\/posts\/31868\/revisions\/31871"}],"wp:featuredmedia":[{"embeddable":true,"href":"https:\/\/bisbalpenedes.com\/web\/wp-json\/wp\/v2\/media\/31870"}],"wp:attachment":[{"href":"https:\/\/bisbalpenedes.com\/web\/wp-json\/wp\/v2\/media?parent=31868"}],"wp:term":[{"taxonomy":"category","embeddable":true,"href":"https:\/\/bisbalpenedes.com\/web\/wp-json\/wp\/v2\/categories?post=31868"},{"taxonomy":"post_tag","embeddable":true,"href":"https:\/\/bisbalpenedes.com\/web\/wp-json\/wp\/v2\/tags?post=31868"}],"curies":[{"name":"wp","href":"https:\/\/api.w.org\/{rel}","templated":true}]}}