{"id":31860,"date":"2024-09-27T19:36:18","date_gmt":"2024-09-27T17:36:18","guid":{"rendered":"https:\/\/bisbalpenedes.com\/web\/?p=31860"},"modified":"2024-09-27T19:37:09","modified_gmt":"2024-09-27T17:37:09","slug":"saprova-la-quarta-i-ultima-prorroga-del-contracte-de-les-obres-de-consolidacio-reforma-i-nova-construccio-de-la-fassina-2","status":"publish","type":"post","link":"https:\/\/bisbalpenedes.com\/web\/2024\/09\/27\/saprova-la-quarta-i-ultima-prorroga-del-contracte-de-les-obres-de-consolidacio-reforma-i-nova-construccio-de-la-fassina-2\/","title":{"rendered":"S\u2019ha aprovat la quarta i \u00faltima pr\u00f2rroga del contracte de les obres de consolidaci\u00f3, reforma i nova construcci\u00f3 de la fassina"},"content":{"rendered":"\n<p>La Junta de govern del dilluns 16 de setembre va aprovar la quarta i darrera pr\u00f2rroga del contracte de les obres de consolidaci\u00f3, reforma i nova construcci\u00f3 de la fassina. La nova data de finalitzaci\u00f3 s\u2019ha fixat en el pr\u00f2xim 9 d\u2019octubre.<\/p>\n\n\n\n<p>Les obres de la fassina van comen\u00e7ar a finals de gener de 2023. Des que van comen\u00e7ar, s\u2019han hagut de fer tres modificacions del contracte per tal d\u2019adequar les obres de la torre a les novetats que anaven sorgint, ja que la fassina \u00e9s una edificaci\u00f3 antiga de la que no es tenien planells ni informaci\u00f3 de la seva construcci\u00f3. Per tant, s\u2019han hagut de tornar a calcular les estructures a mesura que sorgien els gruixos o els cups que hi havia sota terra.<\/p>\n\n\n\n<p>Enlla\u00e7 al v\u00eddeo de la Junta de govern: <a href=\"https:\/\/actes.bisbalpenedes.com\/session\/sessionDetail\/8a81808891f86df10192046b097e0007\">https:\/\/actes.bisbalpenedes.com\/session\/sessionDetail\/8a81808891f86df10192046b097e0007<\/a><\/p>\n\n\n\n<figure class=\"wp-block-image size-large\"><img loading=\"lazy\" width=\"1024\" height=\"569\" src=\"https:\/\/bisbalpenedes.com\/web\/wp-content\/uploads\/2024\/09\/Captura-de-pantalla-2024-09-27-a-les-19.32.16-1024x569.png\" alt=\"\" class=\"wp-image-31861\" srcset=\"https:\/\/bisbalpenedes.com\/web\/wp-content\/uploads\/2024\/09\/Captura-de-pantalla-2024-09-27-a-les-19.32.16-1024x569.png 1024w, https:\/\/bisbalpenedes.com\/web\/wp-content\/uploads\/2024\/09\/Captura-de-pantalla-2024-09-27-a-les-19.32.16-300x167.png 300w, https:\/\/bisbalpenedes.com\/web\/wp-content\/uploads\/2024\/09\/Captura-de-pantalla-2024-09-27-a-les-19.32.16-768x427.png 768w, https:\/\/bisbalpenedes.com\/web\/wp-content\/uploads\/2024\/09\/Captura-de-pantalla-2024-09-27-a-les-19.32.16-1536x853.png 1536w, https:\/\/bisbalpenedes.com\/web\/wp-content\/uploads\/2024\/09\/Captura-de-pantalla-2024-09-27-a-les-19.32.16-600x333.png 600w, https:\/\/bisbalpenedes.com\/web\/wp-content\/uploads\/2024\/09\/Captura-de-pantalla-2024-09-27-a-les-19.32.16.png 1696w\" sizes=\"(max-width: 1024px) 100vw, 1024px\" \/><\/figure>\n\n\n\n<hr class=\"wp-block-separator has-alpha-channel-opacity\"\/>\n\n\n\n<p>La Junta de gobierno del lunes 16 de septiembre aprob\u00f3 la cuarta y \u00faltima pr\u00f3rroga del contrato de las obres de consolidaci\u00f3n, reforma y nueva construcci\u00f3n de la fassina. La nueva fecha de finalizaci\u00f3n se ha fijado en el pr\u00f3ximo 9 de octubre.<\/p>\n\n\n\n<p>Las obras de la fassina empezaron a finales de enero de 2023. Desde que empezaron, se han tenido que hacer tres modificaciones del contrato con tal de adecuar las obras de la torre a las novedades que iban surgiendo, ya que la fassina es una edificaci\u00f3n antigua de la que no se ten\u00edan planos ni informaci\u00f3n se su construcci\u00f3n. Por tanto, se han tenido que volver a calcular las estructuras a medida que surg\u00eda el grosor y los dep\u00f3sitos que hab\u00eda bajo tierra.<\/p>\n\n\n\n<p>Enlace al v\u00eddeo de la Junta de gobierno: <a href=\"https:\/\/actes.bisbalpenedes.com\/session\/sessionDetail\/8a81808891f86df10192046b097e0007\">https:\/\/actes.bisbalpenedes.com\/session\/sessionDetail\/8a81808891f86df10192046b097e0007<\/a><\/p>\n","protected":false},"excerpt":{"rendered":"<p>La Junta de govern del dilluns 16 de setembre va aprovar la quarta i darrera pr\u00f2rroga del contracte de les obres de consolidaci\u00f3, reforma i nova construcci\u00f3 de la fassina. &hellip; <a href=\"https:\/\/bisbalpenedes.com\/web\/2024\/09\/27\/saprova-la-quarta-i-ultima-prorroga-del-contracte-de-les-obres-de-consolidacio-reforma-i-nova-construccio-de-la-fassina-2\/\" class=\"more-link\">Read More<\/a><\/p>\n","protected":false},"author":4,"featured_media":31863,"comment_status":"closed","ping_status":"closed","sticky":false,"template":"","format":"standard","meta":[],"categories":[3085,8],"tags":[1775,459,378,668,6116,393,3504,1071,21,1089],"_links":{"self":[{"href":"https:\/\/bisbalpenedes.com\/web\/wp-json\/wp\/v2\/posts\/31860"}],"collection":[{"href":"https:\/\/bisbalpenedes.com\/web\/wp-json\/wp\/v2\/posts"}],"about":[{"href":"https:\/\/bisbalpenedes.com\/web\/wp-json\/wp\/v2\/types\/post"}],"author":[{"embeddable":true,"href":"https:\/\/bisbalpenedes.com\/web\/wp-json\/wp\/v2\/users\/4"}],"replies":[{"embeddable":true,"href":"https:\/\/bisbalpenedes.com\/web\/wp-json\/wp\/v2\/comments?post=31860"}],"version-history":[{"count":3,"href":"https:\/\/bisbalpenedes.com\/web\/wp-json\/wp\/v2\/posts\/31860\/revisions"}],"predecessor-version":[{"id":31866,"href":"https:\/\/bisbalpenedes.com\/web\/wp-json\/wp\/v2\/posts\/31860\/revisions\/31866"}],"wp:featuredmedia":[{"embeddable":true,"href":"https:\/\/bisbalpenedes.com\/web\/wp-json\/wp\/v2\/media\/31863"}],"wp:attachment":[{"href":"https:\/\/bisbalpenedes.com\/web\/wp-json\/wp\/v2\/media?parent=31860"}],"wp:term":[{"taxonomy":"category","embeddable":true,"href":"https:\/\/bisbalpenedes.com\/web\/wp-json\/wp\/v2\/categories?post=31860"},{"taxonomy":"post_tag","embeddable":true,"href":"https:\/\/bisbalpenedes.com\/web\/wp-json\/wp\/v2\/tags?post=31860"}],"curies":[{"name":"wp","href":"https:\/\/api.w.org\/{rel}","templated":true}]}}