{"id":31855,"date":"2024-09-27T19:25:08","date_gmt":"2024-09-27T17:25:08","guid":{"rendered":"https:\/\/bisbalpenedes.com\/web\/?p=31855"},"modified":"2024-09-27T19:29:04","modified_gmt":"2024-09-27T17:29:04","slug":"la-colla-castellera-de-la-bisbal-del-penedes-bous-participara-en-el-concurs-de-castells-aquest-diumenge","status":"publish","type":"post","link":"https:\/\/bisbalpenedes.com\/web\/2024\/09\/27\/la-colla-castellera-de-la-bisbal-del-penedes-bous-participara-en-el-concurs-de-castells-aquest-diumenge\/","title":{"rendered":"La Colla castellera de la Bisbal del Pened\u00e8s &#8211; Bous participar\u00e0 en el Concurs de Castells aquest diumenge"},"content":{"rendered":"\n<p>Bisbalencs i bisbalenques, dem\u00e0 \u00e9s el gran dia!<\/p>\n\n\n\n<p><strong>Aquest diumenge, a partir de les 10h<\/strong>, la Colla Castellera La Bisbal del Pened\u00e8s Els Bous far\u00e0 hist\u00f2ria al Concurs de Castells de <strong>Torredembarra.<\/strong><\/p>\n\n\n\n<p>La colla us necessita! Veniu a Torredembarra i feu pinya amb els Bous Que se senti l&#8217;orgull bisbalenc fins al cel. Visquem junts l&#8217;emoci\u00f3, la passi\u00f3 i la m\u00e0gia dels castells. Fem tremolar la pla\u00e7a amb els nostres crits d&#8217;\u00e0nim!<\/p>\n\n\n\n<p>Hem modificat lleugerament el cartell dels Bous i us hi hem afegit un QR amb la ubicaci\u00f3 de la pla\u00e7a del Castell de Torredembarra, perqu\u00e8 trobeu f\u00e0cilment l&#8217;escenari d&#8217;aquest gran esdeveniment.<\/p>\n\n\n\n<p>Amunt, Bous!<\/p>\n\n\n\n<hr class=\"wp-block-separator has-alpha-channel-opacity\"\/>\n\n\n\n<p>\u00a1Bisbalencs y bisbalenques, ma\u00f1ana es el gran d\u00eda!<\/p>\n\n\n\n<p><strong>Este domingo, a partir de las 10h,<\/strong> la Colla Castellera La Bisbal del Pened\u00e8s Els Bous har\u00e1 historia en el Concurs de Castells de <strong>Torredembarra.<\/strong><\/p>\n\n\n\n<p>\u00a1La colla os necesita! Venid a Torredembarra y haced pi\u00f1a con los Bous. Que se sienta el orgullo de La Bisbal hasta el cielo. Vivamos juntos la emoci\u00f3n, la pasi\u00f3n y la magia de los castells. \u00a1Hagamos temblar la plaza con nuestros gritos de \u00e1nimo!<\/p>\n\n\n\n<p>Hemos modificado ligeramente el cartel de los Bous y os hemos a\u00f1adido un c\u00f3digo QR con la ubicaci\u00f3n de la plaza del Castell de Torredembarra, para que encontr\u00e9is f\u00e1cilmente el escenario de este gran evento.<\/p>\n\n\n\n<p>\u00a1Amunt, Bous!<\/p>\n","protected":false},"excerpt":{"rendered":"<p>Bisbalencs i bisbalenques, dem\u00e0 \u00e9s el gran dia! Aquest diumenge, a partir de les 10h, la Colla Castellera La Bisbal del Pened\u00e8s Els Bous far\u00e0 hist\u00f2ria al Concurs de Castells &hellip; <a href=\"https:\/\/bisbalpenedes.com\/web\/2024\/09\/27\/la-colla-castellera-de-la-bisbal-del-penedes-bous-participara-en-el-concurs-de-castells-aquest-diumenge\/\" class=\"more-link\">Read More<\/a><\/p>\n","protected":false},"author":4,"featured_media":31856,"comment_status":"closed","ping_status":"closed","sticky":false,"template":"","format":"standard","meta":[],"categories":[20,8],"tags":[377,1217,393,1374,5504],"_links":{"self":[{"href":"https:\/\/bisbalpenedes.com\/web\/wp-json\/wp\/v2\/posts\/31855"}],"collection":[{"href":"https:\/\/bisbalpenedes.com\/web\/wp-json\/wp\/v2\/posts"}],"about":[{"href":"https:\/\/bisbalpenedes.com\/web\/wp-json\/wp\/v2\/types\/post"}],"author":[{"embeddable":true,"href":"https:\/\/bisbalpenedes.com\/web\/wp-json\/wp\/v2\/users\/4"}],"replies":[{"embeddable":true,"href":"https:\/\/bisbalpenedes.com\/web\/wp-json\/wp\/v2\/comments?post=31855"}],"version-history":[{"count":2,"href":"https:\/\/bisbalpenedes.com\/web\/wp-json\/wp\/v2\/posts\/31855\/revisions"}],"predecessor-version":[{"id":31858,"href":"https:\/\/bisbalpenedes.com\/web\/wp-json\/wp\/v2\/posts\/31855\/revisions\/31858"}],"wp:featuredmedia":[{"embeddable":true,"href":"https:\/\/bisbalpenedes.com\/web\/wp-json\/wp\/v2\/media\/31856"}],"wp:attachment":[{"href":"https:\/\/bisbalpenedes.com\/web\/wp-json\/wp\/v2\/media?parent=31855"}],"wp:term":[{"taxonomy":"category","embeddable":true,"href":"https:\/\/bisbalpenedes.com\/web\/wp-json\/wp\/v2\/categories?post=31855"},{"taxonomy":"post_tag","embeddable":true,"href":"https:\/\/bisbalpenedes.com\/web\/wp-json\/wp\/v2\/tags?post=31855"}],"curies":[{"name":"wp","href":"https:\/\/api.w.org\/{rel}","templated":true}]}}