{"id":31848,"date":"2024-09-26T21:31:43","date_gmt":"2024-09-26T19:31:43","guid":{"rendered":"https:\/\/bisbalpenedes.com\/web\/?p=31848"},"modified":"2024-09-26T21:32:33","modified_gmt":"2024-09-26T19:32:33","slug":"el-proxim-dimarts-1-doctubre-se-celebrara-un-ple-extraordinari-a-lajuntament-de-la-bisbal-del-penedes","status":"publish","type":"post","link":"https:\/\/bisbalpenedes.com\/web\/2024\/09\/26\/el-proxim-dimarts-1-doctubre-se-celebrara-un-ple-extraordinari-a-lajuntament-de-la-bisbal-del-penedes\/","title":{"rendered":"El pr\u00f2xim dimarts 1 d&#8217;octubre se celebrar\u00e0 un Ple extraordinari a l&#8217;Ajuntament de la Bisbal del Pened\u00e8s"},"content":{"rendered":"\n<p>El pr\u00f2xim dimarts 1 d&#8217;octubre, a les 13:00h, se celebrar\u00e0 un Ple extraordinari a l\u2019Ajuntament de la Bisbal del Pened\u00e8s amb el seg\u00fcent ordre del dia:<\/p>\n\n\n\n<p><strong>PUNT 1:\u00a0<\/strong>Aprovaci\u00f3 provisional de la modificaci\u00f3 puntual de les Normes Subsidi\u00e0ries de Planejament pel tra\u00e7at de la carretera C-51 al seu pas per la Bisbal del Pened\u00e8s<\/p>\n\n\n\n<p><strong>PUNT 2:<\/strong>\u00a0Aprovaci\u00f3 provisional de la modificaci\u00f3 puntual de les Normes Subsidi\u00e0ries de Planejament per adaptar-les a la normativa vigent i necessitats actuals d&#8217;habitatge, entre d&#8217;altres<\/p>\n\n\n\n<p><strong>PUNT 3:<\/strong>\u00a0Modifcaci\u00f3 de cr\u00e8dit 5PLE\/2024 amb la modalitat de suplement de cr\u00e8dit<\/p>\n\n\n\n<hr class=\"wp-block-separator has-alpha-channel-opacity\"\/>\n\n\n\n<p><strong>CASTELLANO |<\/strong>&nbsp;El pr\u00f3ximo martes 1 de octubre, a las 13:00h, se celebrar\u00e1 un Pleno extraordinario en el Ajuntament de la Bisbal del Pened\u00e8s con el siguiente orden del d\u00eda:<\/p>\n\n\n\n<p><strong>PUNTO 1:<\/strong> Aprobaci\u00f3n provisional de la modificaci\u00f3n puntual de las Normas Subsidiarias de Planeamiento para el trazado de la carretera C-51 a su paso por la Bisbal del Pened\u00e8s.<\/p>\n\n\n\n<p><strong>PUNTO 2:&nbsp;<\/strong>Aprobaci\u00f3n provisional de la modificaci\u00f3n puntual de las Normas Subsidiarias de Planeamiento para adaptarlas a la normativa vigente y necesidades actuales de vivienda, entre otras.<\/p>\n\n\n\n<p><strong>PUNTO 3:<\/strong>&nbsp;Modificaci\u00f3n de cr\u00e9dito 5PLE\/2024 con la modalidad de suplemento de cr\u00e9dito.<\/p>\n\n\n\n<p><\/p>\n","protected":false},"excerpt":{"rendered":"<p>El pr\u00f2xim dimarts 1 d&#8217;octubre, a les 13:00h, se celebrar\u00e0 un Ple extraordinari a l\u2019Ajuntament de la Bisbal del Pened\u00e8s amb el seg\u00fcent ordre del dia: PUNT 1:\u00a0Aprovaci\u00f3 provisional de &hellip; <a href=\"https:\/\/bisbalpenedes.com\/web\/2024\/09\/26\/el-proxim-dimarts-1-doctubre-se-celebrara-un-ple-extraordinari-a-lajuntament-de-la-bisbal-del-penedes\/\" class=\"more-link\">Read More<\/a><\/p>\n","protected":false},"author":4,"featured_media":20647,"comment_status":"closed","ping_status":"closed","sticky":false,"template":"","format":"standard","meta":[],"categories":[8,2251,2250],"tags":[2866],"_links":{"self":[{"href":"https:\/\/bisbalpenedes.com\/web\/wp-json\/wp\/v2\/posts\/31848"}],"collection":[{"href":"https:\/\/bisbalpenedes.com\/web\/wp-json\/wp\/v2\/posts"}],"about":[{"href":"https:\/\/bisbalpenedes.com\/web\/wp-json\/wp\/v2\/types\/post"}],"author":[{"embeddable":true,"href":"https:\/\/bisbalpenedes.com\/web\/wp-json\/wp\/v2\/users\/4"}],"replies":[{"embeddable":true,"href":"https:\/\/bisbalpenedes.com\/web\/wp-json\/wp\/v2\/comments?post=31848"}],"version-history":[{"count":2,"href":"https:\/\/bisbalpenedes.com\/web\/wp-json\/wp\/v2\/posts\/31848\/revisions"}],"predecessor-version":[{"id":31850,"href":"https:\/\/bisbalpenedes.com\/web\/wp-json\/wp\/v2\/posts\/31848\/revisions\/31850"}],"wp:featuredmedia":[{"embeddable":true,"href":"https:\/\/bisbalpenedes.com\/web\/wp-json\/wp\/v2\/media\/20647"}],"wp:attachment":[{"href":"https:\/\/bisbalpenedes.com\/web\/wp-json\/wp\/v2\/media?parent=31848"}],"wp:term":[{"taxonomy":"category","embeddable":true,"href":"https:\/\/bisbalpenedes.com\/web\/wp-json\/wp\/v2\/categories?post=31848"},{"taxonomy":"post_tag","embeddable":true,"href":"https:\/\/bisbalpenedes.com\/web\/wp-json\/wp\/v2\/tags?post=31848"}],"curies":[{"name":"wp","href":"https:\/\/api.w.org\/{rel}","templated":true}]}}