{"id":31844,"date":"2024-09-26T21:23:06","date_gmt":"2024-09-26T19:23:06","guid":{"rendered":"https:\/\/bisbalpenedes.com\/web\/?p=31844"},"modified":"2024-09-26T21:23:06","modified_gmt":"2024-09-26T19:23:06","slug":"avis-important-per-als-veins-i-veines-del-priorat-i-la-riba","status":"publish","type":"post","link":"https:\/\/bisbalpenedes.com\/web\/2024\/09\/26\/avis-important-per-als-veins-i-veines-del-priorat-i-la-riba\/","title":{"rendered":"Av\u00eds important per als ve\u00efns i ve\u00efnes del Priorat i la Riba"},"content":{"rendered":"\n<p>Aquest divendres 27 de setembre no es podr\u00e0 circular per la baixada del carrer Santa Cristina (la baixada de la Riba) perqu\u00e8 durant el mat\u00ed s\u2019instal\u00b7lar\u00e0 el canal de recollida d\u2019aigua al carrer Santa Cristina, a l\u2019altura del n\u00famero 5. Disculpeu les mol\u00e8sties.<\/p>\n\n\n\n<hr class=\"wp-block-separator has-alpha-channel-opacity\"\/>\n\n\n\n<p><strong>AVISO | \u26a0\ufe0f INFORMACI\u00d3N IMPORTANTE PARA LOS VECINOS Y VECINAS DE LA RIBA Y EL PRIORAT<\/strong><br>Este viernes 27 de septiembre no se podr\u00e1 circular por la bajada de la calle Santa Cristina (la bajada de la Riba) porque durante la ma\u00f1ana se instalar\u00e1 el canal de recogida de agua en la calle Santa Cristina, a la altura del n\u00famero 5. Disculpen las molestias.<\/p>\n","protected":false},"excerpt":{"rendered":"<p>Aquest divendres 27 de setembre no es podr\u00e0 circular per la baixada del carrer Santa Cristina (la baixada de la Riba) perqu\u00e8 durant el mat\u00ed s\u2019instal\u00b7lar\u00e0 el canal de recollida &hellip; <a href=\"https:\/\/bisbalpenedes.com\/web\/2024\/09\/26\/avis-important-per-als-veins-i-veines-del-priorat-i-la-riba\/\" class=\"more-link\">Read More<\/a><\/p>\n","protected":false},"author":4,"featured_media":31845,"comment_status":"closed","ping_status":"closed","sticky":false,"template":"","format":"standard","meta":[],"categories":[1628,8],"tags":[459,6851,6852,393,1381],"_links":{"self":[{"href":"https:\/\/bisbalpenedes.com\/web\/wp-json\/wp\/v2\/posts\/31844"}],"collection":[{"href":"https:\/\/bisbalpenedes.com\/web\/wp-json\/wp\/v2\/posts"}],"about":[{"href":"https:\/\/bisbalpenedes.com\/web\/wp-json\/wp\/v2\/types\/post"}],"author":[{"embeddable":true,"href":"https:\/\/bisbalpenedes.com\/web\/wp-json\/wp\/v2\/users\/4"}],"replies":[{"embeddable":true,"href":"https:\/\/bisbalpenedes.com\/web\/wp-json\/wp\/v2\/comments?post=31844"}],"version-history":[{"count":1,"href":"https:\/\/bisbalpenedes.com\/web\/wp-json\/wp\/v2\/posts\/31844\/revisions"}],"predecessor-version":[{"id":31846,"href":"https:\/\/bisbalpenedes.com\/web\/wp-json\/wp\/v2\/posts\/31844\/revisions\/31846"}],"wp:featuredmedia":[{"embeddable":true,"href":"https:\/\/bisbalpenedes.com\/web\/wp-json\/wp\/v2\/media\/31845"}],"wp:attachment":[{"href":"https:\/\/bisbalpenedes.com\/web\/wp-json\/wp\/v2\/media?parent=31844"}],"wp:term":[{"taxonomy":"category","embeddable":true,"href":"https:\/\/bisbalpenedes.com\/web\/wp-json\/wp\/v2\/categories?post=31844"},{"taxonomy":"post_tag","embeddable":true,"href":"https:\/\/bisbalpenedes.com\/web\/wp-json\/wp\/v2\/tags?post=31844"}],"curies":[{"name":"wp","href":"https:\/\/api.w.org\/{rel}","templated":true}]}}