{"id":31837,"date":"2024-09-26T14:10:33","date_gmt":"2024-09-26T12:10:33","guid":{"rendered":"https:\/\/bisbalpenedes.com\/web\/?p=31837"},"modified":"2024-09-26T14:10:33","modified_gmt":"2024-09-26T12:10:33","slug":"nou-curs-de-competencies-digitals-per-a-persones-dentre-45-i-60-anys","status":"publish","type":"post","link":"https:\/\/bisbalpenedes.com\/web\/2024\/09\/26\/nou-curs-de-competencies-digitals-per-a-persones-dentre-45-i-60-anys\/","title":{"rendered":"Nou curs de compet\u00e8ncies digitals per a persones d&#8217;entre 45 i 60 anys"},"content":{"rendered":"\n<p>Nou curs sobre &#8220;Compet\u00e8ncies digitals b\u00e0siques&#8221; per a adults d&#8217;entre 45 i 60 anys en situaci\u00f3 d&#8217;atur.<\/p>\n\n\n\n<p><strong><u>Apr\u00e8n sobre inform\u00e0tica i noves tecnologies<\/u><\/strong><br>Del 14 d&#8217;octubre al 26 de novembre<br>De 9 a 14h<br>150 hores de formaci\u00f3<br>100% subvencionat<br>Continguts:<\/p>\n\n\n\n<ul><li>Sistema operatiu Windows<\/li><li>Processador de text<\/li><li>Full de c\u00e0lcul<\/li><li>Internet i correu electr\u00f2nic<\/li><li>Tr\u00e0mits digitals<\/li><li>Canva<\/li><li>Xarxes socials<\/li><\/ul>\n\n\n\n<p>Inscricpions: <a href=\"https:\/\/www.cambratgn.com\/component\/cambratgn\/jornada\/550-competencies-digitals-basiques\"><strong>https:\/\/www.cambratgn.com\/component\/cambratgn\/jornada\/550-competencies-digitals-basiques<\/strong><\/a><\/p>\n\n\n\n<hr class=\"wp-block-separator has-alpha-channel-opacity\"\/>\n\n\n\n<p>Nuevo curso sobre &#8220;Competencias digitales b\u00e1sicas&#8221; para adultos de entre 45 y 60 a\u00f1os en situaci\u00f3n de desempleo.<br><strong><br><span style=\"text-decoration: underline;\">Aprende sobre inform\u00e1tica y nuevas tecnolog\u00edas<\/span><\/strong><br>-Del 14 de octubre al 26 de noviembre<br>-De 9 a 14h<br>-150 horas de formaci\u00f3n<br>-100% subvencionado<\/p>\n\n\n\n<p>Contenidos:<\/p>\n\n\n\n<ul><li>Sistema operativo Windows<\/li><li>Procesador de texto<\/li><li>Hoja de c\u00e1lculo<\/li><li>Internet y correo electr\u00f3nico<\/li><li>Tr\u00e1mites digitales<\/li><li>Canva<\/li><li>Redes sociales<\/li><\/ul>\n\n\n\n<p>Inscripciones: <a href=\"https:\/\/www.cambratgn.com\/component\/cambratgn\/jornada\/550-competencies-digitals-basiques\"><strong>https:\/\/www.cambratgn.com\/component\/cambratgn\/jornada\/550-competencies-digitals-basiques<\/strong><\/a><\/p>\n","protected":false},"excerpt":{"rendered":"<p>Nou curs sobre &#8220;Compet\u00e8ncies digitals b\u00e0siques&#8221; per a adults d&#8217;entre 45 i 60 anys en situaci\u00f3 d&#8217;atur. Apr\u00e8n sobre inform\u00e0tica i noves tecnologiesDel 14 d&#8217;octubre al 26 de novembreDe 9 &hellip; <a href=\"https:\/\/bisbalpenedes.com\/web\/2024\/09\/26\/nou-curs-de-competencies-digitals-per-a-persones-dentre-45-i-60-anys\/\" class=\"more-link\">Read More<\/a><\/p>\n","protected":false},"author":4,"featured_media":31838,"comment_status":"closed","ping_status":"closed","sticky":false,"template":"","format":"standard","meta":[],"categories":[6509,8,9],"tags":[459,1532,393,6849,1374],"_links":{"self":[{"href":"https:\/\/bisbalpenedes.com\/web\/wp-json\/wp\/v2\/posts\/31837"}],"collection":[{"href":"https:\/\/bisbalpenedes.com\/web\/wp-json\/wp\/v2\/posts"}],"about":[{"href":"https:\/\/bisbalpenedes.com\/web\/wp-json\/wp\/v2\/types\/post"}],"author":[{"embeddable":true,"href":"https:\/\/bisbalpenedes.com\/web\/wp-json\/wp\/v2\/users\/4"}],"replies":[{"embeddable":true,"href":"https:\/\/bisbalpenedes.com\/web\/wp-json\/wp\/v2\/comments?post=31837"}],"version-history":[{"count":1,"href":"https:\/\/bisbalpenedes.com\/web\/wp-json\/wp\/v2\/posts\/31837\/revisions"}],"predecessor-version":[{"id":31839,"href":"https:\/\/bisbalpenedes.com\/web\/wp-json\/wp\/v2\/posts\/31837\/revisions\/31839"}],"wp:featuredmedia":[{"embeddable":true,"href":"https:\/\/bisbalpenedes.com\/web\/wp-json\/wp\/v2\/media\/31838"}],"wp:attachment":[{"href":"https:\/\/bisbalpenedes.com\/web\/wp-json\/wp\/v2\/media?parent=31837"}],"wp:term":[{"taxonomy":"category","embeddable":true,"href":"https:\/\/bisbalpenedes.com\/web\/wp-json\/wp\/v2\/categories?post=31837"},{"taxonomy":"post_tag","embeddable":true,"href":"https:\/\/bisbalpenedes.com\/web\/wp-json\/wp\/v2\/tags?post=31837"}],"curies":[{"name":"wp","href":"https:\/\/api.w.org\/{rel}","templated":true}]}}