{"id":31830,"date":"2024-09-26T13:50:20","date_gmt":"2024-09-26T11:50:20","guid":{"rendered":"https:\/\/bisbalpenedes.com\/web\/?p=31830"},"modified":"2024-09-26T15:10:18","modified_gmt":"2024-09-26T13:10:18","slug":"el-diumenge-6-doctubre-torna-la-fira-de-la-bisbal","status":"publish","type":"post","link":"https:\/\/bisbalpenedes.com\/web\/2024\/09\/26\/el-diumenge-6-doctubre-torna-la-fira-de-la-bisbal\/","title":{"rendered":"El diumenge 6 d&#8217;octubre torna La Fira de la Bisbal"},"content":{"rendered":"\n<p><span style=\"text-decoration: underline;\"><strong>Torna La Fira de la Bisbal del Pened\u00e8s<\/strong><\/span><\/p>\n\n\n\n<p>Diumenge 6 d&#8217;octubre<\/p>\n\n\n\n<p>Pla\u00e7a de l&#8217;Esgl\u00e9sia i pla\u00e7a Major<\/p>\n\n\n\n<p>Us <a><\/a>convidem a gaudir d&#8217;una jornada plena d&#8217;activitats per a tota la fam\u00edlia:<\/p>\n\n\n\n<ul><li>Fira d&#8217;entitats i d&#8217;artesania<\/li><li>Degustaci\u00f3 de vins i menjars<\/li><li>Espectacles familiars<\/li><li>M\u00fasica en viu<\/li><li>Trobada de Puntaires<\/li><li>Partides d&#8217;escacs<\/li><li>Ballada de Gegants<\/li><\/ul>\n\n\n\n<p><strong>Inauguraci\u00f3 a les 11h<\/strong><\/p>\n\n\n\n<hr class=\"wp-block-separator has-alpha-channel-opacity\"\/>\n\n\n\n<p><strong><span style=\"text-decoration: underline;\">Vuelve La Fira de la Bisbal del Pened\u00e8s<\/span><\/strong><\/p>\n\n\n\n<p>Domingo 6 de octubre<\/p>\n\n\n\n<p>Plaza de la Esgl\u00e9sia y plaza Major<\/p>\n\n\n\n<p>Os invitamos a disfrutar de una jornada llena de actividades para toda la familia:<\/p>\n\n\n\n<ul><li>Feria de entidades y de artesan\u00eda<\/li><li>Degustaci\u00f3n de vinos y comidas<\/li><li>Espect\u00e1culos familiares<\/li><li>M\u00fasica en directo<\/li><li>Encuentro de &#8216;Puntaires&#8217;<\/li><li>Partidas de ajedrez<\/li><li>Baile de Gegants<\/li><\/ul>\n\n\n\n<p>Inauguraci\u00f3n a las 11h<\/p>\n","protected":false},"excerpt":{"rendered":"<p>Torna La Fira de la Bisbal del Pened\u00e8s Diumenge 6 d&#8217;octubre Pla\u00e7a de l&#8217;Esgl\u00e9sia i pla\u00e7a Major Us convidem a gaudir d&#8217;una jornada plena d&#8217;activitats per a tota la fam\u00edlia: &hellip; <a href=\"https:\/\/bisbalpenedes.com\/web\/2024\/09\/26\/el-diumenge-6-doctubre-torna-la-fira-de-la-bisbal\/\" class=\"more-link\">Read More<\/a><\/p>\n","protected":false},"author":4,"featured_media":31841,"comment_status":"closed","ping_status":"closed","sticky":false,"template":"","format":"standard","meta":[],"categories":[3860,13,4668,8],"tags":[459,329,84,393],"_links":{"self":[{"href":"https:\/\/bisbalpenedes.com\/web\/wp-json\/wp\/v2\/posts\/31830"}],"collection":[{"href":"https:\/\/bisbalpenedes.com\/web\/wp-json\/wp\/v2\/posts"}],"about":[{"href":"https:\/\/bisbalpenedes.com\/web\/wp-json\/wp\/v2\/types\/post"}],"author":[{"embeddable":true,"href":"https:\/\/bisbalpenedes.com\/web\/wp-json\/wp\/v2\/users\/4"}],"replies":[{"embeddable":true,"href":"https:\/\/bisbalpenedes.com\/web\/wp-json\/wp\/v2\/comments?post=31830"}],"version-history":[{"count":1,"href":"https:\/\/bisbalpenedes.com\/web\/wp-json\/wp\/v2\/posts\/31830\/revisions"}],"predecessor-version":[{"id":31832,"href":"https:\/\/bisbalpenedes.com\/web\/wp-json\/wp\/v2\/posts\/31830\/revisions\/31832"}],"wp:featuredmedia":[{"embeddable":true,"href":"https:\/\/bisbalpenedes.com\/web\/wp-json\/wp\/v2\/media\/31841"}],"wp:attachment":[{"href":"https:\/\/bisbalpenedes.com\/web\/wp-json\/wp\/v2\/media?parent=31830"}],"wp:term":[{"taxonomy":"category","embeddable":true,"href":"https:\/\/bisbalpenedes.com\/web\/wp-json\/wp\/v2\/categories?post=31830"},{"taxonomy":"post_tag","embeddable":true,"href":"https:\/\/bisbalpenedes.com\/web\/wp-json\/wp\/v2\/tags?post=31830"}],"curies":[{"name":"wp","href":"https:\/\/api.w.org\/{rel}","templated":true}]}}