{"id":31826,"date":"2024-09-26T13:48:05","date_gmt":"2024-09-26T11:48:05","guid":{"rendered":"https:\/\/bisbalpenedes.com\/web\/?p=31826"},"modified":"2024-09-26T13:48:09","modified_gmt":"2024-09-26T11:48:09","slug":"avis-els-carregadors-electrics-de-la-placa-de-lera-de-batre-no-funcionen","status":"publish","type":"post","link":"https:\/\/bisbalpenedes.com\/web\/2024\/09\/26\/avis-els-carregadors-electrics-de-la-placa-de-lera-de-batre-no-funcionen\/","title":{"rendered":"Av\u00eds: els carregadors el\u00e8ctrics de la pla\u00e7a de l&#8217;Era de Batre no funcionen"},"content":{"rendered":"\n<p>Us informem que, a causa d&#8217;una avaria, els carregadors el\u00e8ctrics de la pla\u00e7a de l&#8217;Era de Batre no estan en funcionament. Estem a l&#8217;espera de la reparaci\u00f3 per part de l&#8217;empresa. Disculpeu les mol\u00e8sties.<\/p>\n\n\n\n<hr class=\"wp-block-separator has-alpha-channel-opacity\"\/>\n\n\n\n<p>Os informamos que, a causa de una aver\u00eda, los cargadores el\u00e9ctricos de la plaza de l&#8217;Era de Batre no est\u00e1n en funcionamiento. Estamos a la espera de la reparaci\u00f3n por parte de la empresa. Disculpad las molestias.<\/p>\n","protected":false},"excerpt":{"rendered":"<p>Us informem que, a causa d&#8217;una avaria, els carregadors el\u00e8ctrics de la pla\u00e7a de l&#8217;Era de Batre no estan en funcionament. Estem a l&#8217;espera de la reparaci\u00f3 per part de &hellip; <a href=\"https:\/\/bisbalpenedes.com\/web\/2024\/09\/26\/avis-els-carregadors-electrics-de-la-placa-de-lera-de-batre-no-funcionen\/\" class=\"more-link\">Read More<\/a><\/p>\n","protected":false},"author":4,"featured_media":31827,"comment_status":"closed","ping_status":"closed","sticky":false,"template":"","format":"standard","meta":[],"categories":[1628,8],"tags":[459,6848,6847,393,1374],"_links":{"self":[{"href":"https:\/\/bisbalpenedes.com\/web\/wp-json\/wp\/v2\/posts\/31826"}],"collection":[{"href":"https:\/\/bisbalpenedes.com\/web\/wp-json\/wp\/v2\/posts"}],"about":[{"href":"https:\/\/bisbalpenedes.com\/web\/wp-json\/wp\/v2\/types\/post"}],"author":[{"embeddable":true,"href":"https:\/\/bisbalpenedes.com\/web\/wp-json\/wp\/v2\/users\/4"}],"replies":[{"embeddable":true,"href":"https:\/\/bisbalpenedes.com\/web\/wp-json\/wp\/v2\/comments?post=31826"}],"version-history":[{"count":1,"href":"https:\/\/bisbalpenedes.com\/web\/wp-json\/wp\/v2\/posts\/31826\/revisions"}],"predecessor-version":[{"id":31828,"href":"https:\/\/bisbalpenedes.com\/web\/wp-json\/wp\/v2\/posts\/31826\/revisions\/31828"}],"wp:featuredmedia":[{"embeddable":true,"href":"https:\/\/bisbalpenedes.com\/web\/wp-json\/wp\/v2\/media\/31827"}],"wp:attachment":[{"href":"https:\/\/bisbalpenedes.com\/web\/wp-json\/wp\/v2\/media?parent=31826"}],"wp:term":[{"taxonomy":"category","embeddable":true,"href":"https:\/\/bisbalpenedes.com\/web\/wp-json\/wp\/v2\/categories?post=31826"},{"taxonomy":"post_tag","embeddable":true,"href":"https:\/\/bisbalpenedes.com\/web\/wp-json\/wp\/v2\/tags?post=31826"}],"curies":[{"name":"wp","href":"https:\/\/api.w.org\/{rel}","templated":true}]}}