{"id":31821,"date":"2024-09-24T07:30:54","date_gmt":"2024-09-24T05:30:54","guid":{"rendered":"https:\/\/bisbalpenedes.com\/web\/?p=31821"},"modified":"2024-09-24T12:53:59","modified_gmt":"2024-09-24T10:53:59","slug":"el-dissabte-28-de-setembre-a-les-19h-podreu-veure-la-pellicula-nominada-mamifera-al-cmc-en-el-marc-del-cicle-gaudi-de-cinema-catala","status":"publish","type":"post","link":"https:\/\/bisbalpenedes.com\/web\/2024\/09\/24\/el-dissabte-28-de-setembre-a-les-19h-podreu-veure-la-pellicula-nominada-mamifera-al-cmc-en-el-marc-del-cicle-gaudi-de-cinema-catala\/","title":{"rendered":"El dissabte 28 de setembre a les 19h podreu veure la pel\u00b7l\u00edcula nominada \u201cMam\u00edfera\u201d al CMC en el marc del Cicle Gaud\u00ed de Cinema Catal\u00e0"},"content":{"rendered":"\n<p>El dissabte 28 de setembre, a les 19h, l\u2019Auditori Salb\u00e0 del CMC acollir\u00e0 la projecci\u00f3 del film \u201cMam\u00edfera\u201d del Cicle Gaud\u00ed, dirigida per Liliana Torres.<\/p>\n\n\n\n<p><strong>SINOPSI<\/strong><br>La Lola gaudeix d\u2019una vida feli\u00e7 amb la seva parella, el Bruno, fins que un embar\u00e0s inesperat revoluciona tots els plans. Tot i que la Lola sempre ha tingut clar que aix\u00f2 de ser mare no va amb ella, ara s sent q\u00fcestionada per les expectatives socials i s\u2019enfronta als seus temors interns. Durant els tres dies que han d\u2019esperar fins que arribi la cita a la cl\u00ednica, la Lola s\u2019acosta a les seves amigues i a la seva fam\u00edlia amb la intenci\u00f3 de reafirmar la seva decisi\u00f3.<\/p>\n\n\n\n<p>D\u2019altra banda, el Bruno tampoc no s\u2019havia imaginat mai com a pare, fins ara.<\/p>\n\n\n\n<p><strong>FITXA T\u00c8CNICA<\/strong><\/p>\n\n\n\n<p>Direcci\u00f3:&nbsp;Liliana Torres<\/p>\n\n\n\n<p>Gui\u00f3:&nbsp;Liliana Torres<\/p>\n\n\n\n<p>Productora:&nbsp;DISTINTO FILMS S.L.U., EDNA CINEMA S.L.U.<\/p>\n\n\n\n<p>Estrena:&nbsp;15 d\u2019abril de 2024<\/p>\n\n\n\n<p>Durada:&nbsp;93 min.<\/p>\n\n\n\n<p>G\u00e8nere:&nbsp;Drama<\/p>\n\n\n\n<p>Qualificaci\u00f3:&nbsp;No recomanada per a menors de 7 anys<\/p>\n\n\n\n<p>Versi\u00f3:&nbsp;V.O. Catal\u00e0<\/p>\n\n\n\n<p>Int\u00e8rprets:<br>Amparo Fern\u00e1ndez, Ann Perell\u00f3, Anna Alarc\u00f3n, Anna Bertran, Enric Auquer, Mar\u00eda Ribera, Mar\u00eda Rodr\u00edguez, Marina Rodr\u00edguez, Mireia Aixal\u00e0, Ruth Llopis<br><br>Com \u00e9s habitual, el preu de l\u2019entrada ser\u00e0 de 4,5\u20ac (general) i 3\u20ac per als espectadors que presentin el carnet de la Biblioteca p\u00fablica de la Bisbal del Pened\u00e8s. Els beneficis es destinaran a l\u2019entitat que gestioni la taquilla abans de la projecci\u00f3.<\/p>\n\n\n\n<figure class=\"wp-block-embed is-type-video is-provider-youtube wp-block-embed-youtube wp-embed-aspect-16-9 wp-has-aspect-ratio\"><div class=\"wp-block-embed__wrapper\">\n<iframe loading=\"lazy\" title=\"Cicle Gaud\u00ed: &quot;Mam\u00edfera&quot;\" width=\"1170\" height=\"658\" src=\"https:\/\/www.youtube.com\/embed\/6pz7Hb6b9mc?feature=oembed\" frameborder=\"0\" allow=\"accelerometer; autoplay; clipboard-write; encrypted-media; gyroscope; picture-in-picture; web-share\" referrerpolicy=\"strict-origin-when-cross-origin\" allowfullscreen><\/iframe>\n<\/div><\/figure>\n\n\n\n<hr class=\"wp-block-separator has-alpha-channel-opacity\"\/>\n\n\n\n<h2><strong>CASTELLANO |<\/strong> <strong>El s\u00e1bado 28 de septiembre a las 19h podr\u00e9is ver la pel\u00edcula nominada &#8220;Mam\u00edfera&#8221; en el CMC en el marco del Cicle Gaud\u00ed de cinema catal\u00e0.<\/strong><\/h2>\n\n\n\n<p>El s\u00e1bado 28 de septiembre, a las 19h, el Auditorio Salb\u00e0 del CMC acoger\u00e1 la proyecci\u00f3n de la pel\u00edcula &#8220;Mam\u00edfera&#8221; del Cicle Gaud\u00ed, dirigida por Liliana Torres.<\/p>\n\n\n\n<p><strong>SINOPSIS<\/strong><\/p>\n\n\n\n<p>Lola disfruta de una vida feliz con su pareja, Bruno, hasta que un embarazo inesperado revoluciona todos los planes. Aunque Lola siempre ha tenido claro que esto de ser madre no va con ella, ahora se siente cuestionada por las expectativas sociales y se enfrenta a sus temores internos. Durante los tres d\u00edas que deben esperar hasta que llegue la cita en la cl\u00ednica, Lola se acerca a sus amigas y a su familia con la intenci\u00f3n de reafirmar su decisi\u00f3n.<\/p>\n\n\n\n<p>Por otro lado, Bruno tampoco se hab\u00eda imaginado nunca como padre, hasta ahora.<\/p>\n\n\n\n<p><strong>FICHA T\u00c9CNICA<\/strong><\/p>\n\n\n\n<p>Direcci\u00f3n: Liliana Torres<\/p>\n\n\n\n<p>Guion: Liliana Torres<\/p>\n\n\n\n<p>Productora: DISTINTO FILMS S.L.U., EDNA CINEMA S.L.U.<\/p>\n\n\n\n<p>Estreno: 15 de abril de 2024<\/p>\n\n\n\n<p>Duraci\u00f3n: 93 min.<\/p>\n\n\n\n<p>G\u00e9nero: Drama<\/p>\n\n\n\n<p>Calificaci\u00f3n: No recomendada para menores de 7 a\u00f1os<\/p>\n\n\n\n<p>Versi\u00f3n: V.O. Catal\u00e1n<\/p>\n\n\n\n<p>Int\u00e9rpretes: Amparo Fern\u00e1ndez, Ann Perell\u00f3, Anna Alarc\u00f3n, Anna Bertran, Enric Auquer, Mar\u00eda Ribera, Mar\u00eda Rodr\u00edguez, Marina Rodr\u00edguez, Mireia Aixal\u00e0, Ruth Llopis<\/p>\n\n\n\n<p>Como es habitual, el precio de la entrada ser\u00e1 de 4,5\u20ac (general) y 3\u20ac para los espectadores que presenten el carnet de la Biblioteca p\u00fablica de la Bisbal del Pened\u00e8s. Los beneficios se destinar\u00e1n a la entidad que gestione la taquilla antes de la proyecci\u00f3n.<\/p>\n","protected":false},"excerpt":{"rendered":"<p>El dissabte 28 de setembre, a les 19h, l\u2019Auditori Salb\u00e0 del CMC acollir\u00e0 la projecci\u00f3 del film \u201cMam\u00edfera\u201d del Cicle Gaud\u00ed, dirigida per Liliana Torres. SINOPSILa Lola gaudeix d\u2019una vida &hellip; <a href=\"https:\/\/bisbalpenedes.com\/web\/2024\/09\/24\/el-dissabte-28-de-setembre-a-les-19h-podreu-veure-la-pellicula-nominada-mamifera-al-cmc-en-el-marc-del-cicle-gaudi-de-cinema-catala\/\" class=\"more-link\">Read More<\/a><\/p>\n","protected":false},"author":4,"featured_media":31822,"comment_status":"closed","ping_status":"closed","sticky":false,"template":"","format":"standard","meta":[],"categories":[13,8],"tags":[308,813,307,225,869,393,6845,6846,771],"_links":{"self":[{"href":"https:\/\/bisbalpenedes.com\/web\/wp-json\/wp\/v2\/posts\/31821"}],"collection":[{"href":"https:\/\/bisbalpenedes.com\/web\/wp-json\/wp\/v2\/posts"}],"about":[{"href":"https:\/\/bisbalpenedes.com\/web\/wp-json\/wp\/v2\/types\/post"}],"author":[{"embeddable":true,"href":"https:\/\/bisbalpenedes.com\/web\/wp-json\/wp\/v2\/users\/4"}],"replies":[{"embeddable":true,"href":"https:\/\/bisbalpenedes.com\/web\/wp-json\/wp\/v2\/comments?post=31821"}],"version-history":[{"count":2,"href":"https:\/\/bisbalpenedes.com\/web\/wp-json\/wp\/v2\/posts\/31821\/revisions"}],"predecessor-version":[{"id":31825,"href":"https:\/\/bisbalpenedes.com\/web\/wp-json\/wp\/v2\/posts\/31821\/revisions\/31825"}],"wp:featuredmedia":[{"embeddable":true,"href":"https:\/\/bisbalpenedes.com\/web\/wp-json\/wp\/v2\/media\/31822"}],"wp:attachment":[{"href":"https:\/\/bisbalpenedes.com\/web\/wp-json\/wp\/v2\/media?parent=31821"}],"wp:term":[{"taxonomy":"category","embeddable":true,"href":"https:\/\/bisbalpenedes.com\/web\/wp-json\/wp\/v2\/categories?post=31821"},{"taxonomy":"post_tag","embeddable":true,"href":"https:\/\/bisbalpenedes.com\/web\/wp-json\/wp\/v2\/tags?post=31821"}],"curies":[{"name":"wp","href":"https:\/\/api.w.org\/{rel}","templated":true}]}}